{"id":3860,"date":"2023-11-29T11:50:29","date_gmt":"2023-11-29T10:50:29","guid":{"rendered":"https:\/\/www.fundacionmanantial.org\/manantial-integra-renueva-su-certificado-de-calidad\/"},"modified":"2023-11-29T11:50:29","modified_gmt":"2023-11-29T10:50:29","slug":"manantial-integra-renueva-su-certificado-de-calidad","status":"publish","type":"post","link":"https:\/\/www.fundacionmanantial.org\/en\/manantial-integra-renueva-su-certificado-de-calidad\/","title":{"rendered":"Manantial Integra renueva su certificado de calidad"},"content":{"rendered":"<p><a href=\"http:\/\/manantialintegra.org\/\" rel=\"noopener\" target=\"_blank\"><strong>Manantial Integra<\/strong><\/a> ha renovado su certificado de calidad tras la pasar la auditor\u00eda de <a href=\"https:\/\/www.aenor.com\/\" rel=\"noopener\" target=\"_blank\">Aenor<\/a> de seguimiento al <strong>sistema de gesti\u00f3n de la calidad de la entidad seg\u00fan la norma ISO 9001:2015<\/strong>.<\/p>\n<p>Manantial Integra es un <strong>Centro Especial de Empleo especializado en salud mental<\/strong>, que <strong>cuenta con un equipo de m\u00e1s de 200 trabajadores y trabajadoras con problemas de salud mental<\/strong>. <strong>El trabajo es una de las principales herramientas para la recuperaci\u00f3n y el desarrollo de proyectos de vida, que nos conecta con el mundo y nos permite construir una identidad m\u00e1s all\u00e1 de etiquetas y diagn\u00f3sticos.<\/strong> A trav\u00e9s de <strong>formaci\u00f3n y entrenamiento previo<\/strong>, preparamos a las personas para su <strong>incorporaci\u00f3n al mercado laboral<\/strong>, facilitando los <strong>apoyos y el acompa\u00f1amiento necesario para lograr la estabilidad en los puestos de trabajo<\/strong>. <\/p>\n<p>Crear <strong>iniciativas innovadoras de empleo que tengan impacto en la mejora del bienestar y la salud mental <\/strong>para contribuir a una <strong>sociedad m\u00e1s inclusiva y respetuosa<\/strong> es nuestro principal objetivo.<\/p>\n","protected":false},"excerpt":{"rendered":"<p>Manantial Integra ha renovado su certificado de calidad tras la pasar la auditor\u00eda de Aenor de seguimiento al sistema de gesti\u00f3n de la calidad de la entidad seg\u00fan la norma ISO 9001:2015. Manantial Integra es un Centro Especial de Empleo especializado en salud mental, que cuenta con un equipo de m\u00e1s de 200 trabajadores y [&hellip;]<\/p>\n","protected":false},"author":1,"featured_media":3861,"comment_status":"closed","ping_status":"closed","sticky":false,"template":"","format":"standard","meta":{"_acf_changed":false,"give_campaign_id":0,"_seopress_robots_primary_cat":"","_seopress_titles_title":"","_seopress_titles_desc":"","_seopress_robots_index":"","footnotes":""},"categories":[34],"tags":[205,60,85,61,63,150],"class_list":["post-3860","post","type-post","status-publish","format-standard","has-post-thumbnail","hentry","category-noticias-fundacion-manantial","tag-calidad","tag-empleo","tag-fundacion-manantial","tag-inclusion","tag-laboral","tag-manantial-integra"],"acf":[],"_links":{"self":[{"href":"https:\/\/www.fundacionmanantial.org\/en\/wp-json\/wp\/v2\/posts\/3860","targetHints":{"allow":["GET"]}}],"collection":[{"href":"https:\/\/www.fundacionmanantial.org\/en\/wp-json\/wp\/v2\/posts"}],"about":[{"href":"https:\/\/www.fundacionmanantial.org\/en\/wp-json\/wp\/v2\/types\/post"}],"author":[{"embeddable":true,"href":"https:\/\/www.fundacionmanantial.org\/en\/wp-json\/wp\/v2\/users\/1"}],"replies":[{"embeddable":true,"href":"https:\/\/www.fundacionmanantial.org\/en\/wp-json\/wp\/v2\/comments?post=3860"}],"version-history":[{"count":0,"href":"https:\/\/www.fundacionmanantial.org\/en\/wp-json\/wp\/v2\/posts\/3860\/revisions"}],"wp:featuredmedia":[{"embeddable":true,"href":"https:\/\/www.fundacionmanantial.org\/en\/wp-json\/wp\/v2\/media\/3861"}],"wp:attachment":[{"href":"https:\/\/www.fundacionmanantial.org\/en\/wp-json\/wp\/v2\/media?parent=3860"}],"wp:term":[{"taxonomy":"category","embeddable":true,"href":"https:\/\/www.fundacionmanantial.org\/en\/wp-json\/wp\/v2\/categories?post=3860"},{"taxonomy":"post_tag","embeddable":true,"href":"https:\/\/www.fundacionmanantial.org\/en\/wp-json\/wp\/v2\/tags?post=3860"}],"curies":[{"name":"wp","href":"https:\/\/api.w.org\/{rel}","templated":true}]}}