{"id":3858,"date":"2023-11-27T13:29:37","date_gmt":"2023-11-27T12:29:37","guid":{"rendered":"https:\/\/www.fundacionmanantial.org\/el-concejal-presidente-de-villa-de-vallecas-carlos-gonzalez-pereira-visita-casa-verde\/"},"modified":"2023-11-27T13:29:37","modified_gmt":"2023-11-27T12:29:37","slug":"el-concejal-presidente-de-villa-de-vallecas-carlos-gonzalez-pereira-visita-casa-verde","status":"publish","type":"post","link":"https:\/\/www.fundacionmanantial.org\/en\/el-concejal-presidente-de-villa-de-vallecas-carlos-gonzalez-pereira-visita-casa-verde\/","title":{"rendered":"El concejal presidente de Villa de Vallecas, Carlos Gonz\u00e1lez Pereira, visita Casa Verde"},"content":{"rendered":"<p><strong>Casa Verde ha recibido la visita del concejal presidente de Villa de Vallecas<\/strong>, <a href=\"https:\/\/twitter.com\/carlosgpereira_\" rel=\"noopener\" target=\"_blank\">Carlos Gonz\u00e1lez Pereira<\/a>, para conocer de primera mano el trabajo en este proyecto de prevenci\u00f3n. <a href=\"https:\/\/mascasaverde.org\/\" rel=\"noopener\" target=\"_blank\">Casa Verde<\/a> es un programa de atenci\u00f3n de Fundaci\u00f3n Manantial <strong>dirigido a madres y padres o mujeres embarazadas con problemas de salud mental o inestabilidad emocional y a sus hijos e hijas entre 0 y 5 a\u00f1os<\/strong>, que pretende <strong>prevenir posibles alteraciones emocionales y\/o en el desarrollo de los ni\u00f1os.<\/strong><\/p>\n<p><strong>&#8220;En la Casa Verde encuentran una ayuda para que todos los miembros de su unidad familiar tengan garantizadas la igualdad de oportunidades&#8221;. <\/strong>Casa Verde contribuye a garantizar el derecho de los ni\u00f1os y las ni\u00f1as a crecer en un ambiente de seguridad y cuidado.<\/p>\n<p><a href=\"https:\/\/diario.madrid.es\/villavallecas\/2023\/11\/24\/casa-verde-un-espacio-seguro-y-saludable\/\" rel=\"noopener\" target=\"_blank\">La nota de prensa en las Noticias del Ayuntamiento de Madrid<\/a>https:\/\/diario.madrid.es\/villavallecas\/2023\/11\/24\/casa-verde-un-espacio-seguro-y-saludable\/<\/p>\n<p><a href=\"https:\/\/mascasaverde.org\/\" rel=\"noopener\" target=\"_blank\">Saber m\u00e1s sobre Casa Verde y M\u00e1s Casa<\/a><\/p>\n","protected":false},"excerpt":{"rendered":"<p>Casa Verde ha recibido la visita del concejal presidente de Villa de Vallecas, Carlos Gonz\u00e1lez Pereira, para conocer de primera mano el trabajo en este proyecto de prevenci\u00f3n. Casa Verde es un programa de atenci\u00f3n de Fundaci\u00f3n Manantial dirigido a madres y padres o mujeres embarazadas con problemas de salud mental o inestabilidad emocional y [&hellip;]<\/p>\n","protected":false},"author":1,"featured_media":3859,"comment_status":"closed","ping_status":"closed","sticky":false,"template":"","format":"standard","meta":{"_acf_changed":false,"give_campaign_id":0,"_seopress_robots_primary_cat":"","_seopress_titles_title":"","_seopress_titles_desc":"","_seopress_robots_index":"","footnotes":""},"categories":[34],"tags":[485,242,98,486,100,180],"class_list":["post-3858","post","type-post","status-publish","format-standard","has-post-thumbnail","hentry","category-noticias-fundacion-manantial","tag-casaverde","tag-fundacionmanantial","tag-infancia","tag-mascasa","tag-prevencion","tag-saludmental"],"acf":[],"_links":{"self":[{"href":"https:\/\/www.fundacionmanantial.org\/en\/wp-json\/wp\/v2\/posts\/3858","targetHints":{"allow":["GET"]}}],"collection":[{"href":"https:\/\/www.fundacionmanantial.org\/en\/wp-json\/wp\/v2\/posts"}],"about":[{"href":"https:\/\/www.fundacionmanantial.org\/en\/wp-json\/wp\/v2\/types\/post"}],"author":[{"embeddable":true,"href":"https:\/\/www.fundacionmanantial.org\/en\/wp-json\/wp\/v2\/users\/1"}],"replies":[{"embeddable":true,"href":"https:\/\/www.fundacionmanantial.org\/en\/wp-json\/wp\/v2\/comments?post=3858"}],"version-history":[{"count":0,"href":"https:\/\/www.fundacionmanantial.org\/en\/wp-json\/wp\/v2\/posts\/3858\/revisions"}],"wp:featuredmedia":[{"embeddable":true,"href":"https:\/\/www.fundacionmanantial.org\/en\/wp-json\/wp\/v2\/media\/3859"}],"wp:attachment":[{"href":"https:\/\/www.fundacionmanantial.org\/en\/wp-json\/wp\/v2\/media?parent=3858"}],"wp:term":[{"taxonomy":"category","embeddable":true,"href":"https:\/\/www.fundacionmanantial.org\/en\/wp-json\/wp\/v2\/categories?post=3858"},{"taxonomy":"post_tag","embeddable":true,"href":"https:\/\/www.fundacionmanantial.org\/en\/wp-json\/wp\/v2\/tags?post=3858"}],"curies":[{"name":"wp","href":"https:\/\/api.w.org\/{rel}","templated":true}]}}