{"id":3857,"date":"2023-11-27T11:23:45","date_gmt":"2023-11-27T10:23:45","guid":{"rendered":"https:\/\/www.fundacionmanantial.org\/la-salud-mental-en-prision-en-el-diario-abc\/"},"modified":"2023-11-27T11:23:45","modified_gmt":"2023-11-27T10:23:45","slug":"la-salud-mental-en-prision-en-el-diario-abc","status":"publish","type":"post","link":"https:\/\/www.fundacionmanantial.org\/en\/la-salud-mental-en-prision-en-el-diario-abc\/","title":{"rendered":"La salud mental en prisi\u00f3n, en el diario ABC"},"content":{"rendered":"<p>&#8220;<strong>En Espa\u00f1a hay dos psiqui\u00e1tricos penitenciarios con 378 internos, pero al menos 1.834 enfermos con trastornos graves que cumplen su pena en c\u00e1rceles ordinarias. Faltan m\u00e9dicos y apoyo institucional<\/strong>&#8220;. Visibilizar este problema es el objetivo del reportaje de la periodista <a href=\"https:\/\/es.linkedin.com\/in\/helena-cort%C3%A9s-del-%C3%A1lamo-80231965\" rel=\"noopener\" target=\"_blank\">Helena Cort\u00e9s<\/a>, de <em><a href=\"https:\/\/www.abc.es\/\" rel=\"noopener\" target=\"_blank\">ABC<\/a><\/em>, que ha hablado con <strong>Fundaci\u00f3n Manantial<\/strong> para conocer m\u00e1s de cerca <strong>la situaci\u00f3n de las personas con problemas graves de salud mental en los centros penitenciarios espa\u00f1oles y c\u00f3mo se trabaja con este colectivo para fomentar su reinserci\u00f3n en la sociedad<\/strong>.<\/p>\n<p>&#8220;<strong>Pastilla y a la enfermer\u00eda.<\/strong>  Esto es lo que pueden hacer las personas con problemas graves de salud mental privadas de libertad en los centros penitenciarios ordinarios&#8221;, lamenta <a href=\"https:\/\/es.linkedin.com\/in\/javier-pallar%C3%A9s-neila-225371150\" rel=\"noopener\" target=\"_blank\">Javier Pallar\u00e9s<\/a>, director de los Servicios de Apoyo de Fundaci\u00f3n Manantial, encargados de evitar que las personas con trastorno mental ingresen en prisi\u00f3n, promocionando medidas alternativas y colaborando en la atenci\u00f3n de los que est\u00e1n privados de libertad, mediante programas dise\u00f1ados para el mantenimiento y, en su caso, reinserci\u00f3n en la comunidad. \u00abEs un problema enorme, el sistema se cae\u00bb.<\/p>\n<p>&nbsp;<\/p>\n<div>\n<strong><a class=\"btn btn-primary\" href=\"https:\/\/elastic-antonelli.5-250-189-237.plesk.page\/ambito-penitenciario\/\" target=\"_blank\" rel=\"noopener\">Saber m\u00e1s sobre el trabajo de Fundaci\u00f3n Manantial en el \u00e1mbito penitenciario<br \/>\n<\/a><\/strong><br \/>\n&nbsp;<\/p>\n<div>\n<strong><a class=\"btn btn-primary\" href=\"https:\/\/www.abc.es\/sociedad\/salud-mental-rejas-20231126115117-nt.html?ref=https%3A%2F%2Fwww.abc.es%2Fsociedad%2Fsalud-mental-rejas-20231126115117-nt.html\" target=\"_blank\" rel=\"noopener\">Leer el reportaje completo<br \/>\n<\/a><\/strong><\/p>\n","protected":false},"excerpt":{"rendered":"<p>&#8220;En Espa\u00f1a hay dos psiqui\u00e1tricos penitenciarios con 378 internos, pero al menos 1.834 enfermos con trastornos graves que cumplen su pena en c\u00e1rceles ordinarias. Faltan m\u00e9dicos y apoyo institucional&#8220;. Visibilizar este problema es el objetivo del reportaje de la periodista Helena Cort\u00e9s, de ABC, que ha hablado con Fundaci\u00f3n Manantial para conocer m\u00e1s de cerca [&hellip;]<\/p>\n","protected":false},"author":1,"featured_media":3541,"comment_status":"closed","ping_status":"closed","sticky":false,"template":"","format":"standard","meta":{"_acf_changed":false,"give_campaign_id":0,"_seopress_robots_primary_cat":"","_seopress_titles_title":"","_seopress_titles_desc":"","_seopress_robots_index":"","footnotes":""},"categories":[34],"tags":[],"class_list":["post-3857","post","type-post","status-publish","format-standard","has-post-thumbnail","hentry","category-noticias-fundacion-manantial"],"acf":[],"_links":{"self":[{"href":"https:\/\/www.fundacionmanantial.org\/en\/wp-json\/wp\/v2\/posts\/3857","targetHints":{"allow":["GET"]}}],"collection":[{"href":"https:\/\/www.fundacionmanantial.org\/en\/wp-json\/wp\/v2\/posts"}],"about":[{"href":"https:\/\/www.fundacionmanantial.org\/en\/wp-json\/wp\/v2\/types\/post"}],"author":[{"embeddable":true,"href":"https:\/\/www.fundacionmanantial.org\/en\/wp-json\/wp\/v2\/users\/1"}],"replies":[{"embeddable":true,"href":"https:\/\/www.fundacionmanantial.org\/en\/wp-json\/wp\/v2\/comments?post=3857"}],"version-history":[{"count":0,"href":"https:\/\/www.fundacionmanantial.org\/en\/wp-json\/wp\/v2\/posts\/3857\/revisions"}],"wp:featuredmedia":[{"embeddable":true,"href":"https:\/\/www.fundacionmanantial.org\/en\/wp-json\/wp\/v2\/media\/3541"}],"wp:attachment":[{"href":"https:\/\/www.fundacionmanantial.org\/en\/wp-json\/wp\/v2\/media?parent=3857"}],"wp:term":[{"taxonomy":"category","embeddable":true,"href":"https:\/\/www.fundacionmanantial.org\/en\/wp-json\/wp\/v2\/categories?post=3857"},{"taxonomy":"post_tag","embeddable":true,"href":"https:\/\/www.fundacionmanantial.org\/en\/wp-json\/wp\/v2\/tags?post=3857"}],"curies":[{"name":"wp","href":"https:\/\/api.w.org\/{rel}","templated":true}]}}