{"id":3855,"date":"2023-11-22T12:34:40","date_gmt":"2023-11-22T11:34:40","guid":{"rendered":"https:\/\/www.fundacionmanantial.org\/casi-la-mitad-de-los-jovenes-entre-16-y-32-anos-asegura-que-padece-malestar-emocional-el-informe-rayadas-en-telemadrid\/"},"modified":"2024-01-26T10:14:21","modified_gmt":"2024-01-26T09:14:21","slug":"casi-la-mitad-de-los-jovenes-entre-16-y-32-anos-asegura-que-padece-malestar-emocional-el-informe-rayadas-en-telemadrid","status":"publish","type":"post","link":"https:\/\/www.fundacionmanantial.org\/en\/casi-la-mitad-de-los-jovenes-entre-16-y-32-anos-asegura-que-padece-malestar-emocional-el-informe-rayadas-en-telemadrid\/","title":{"rendered":"&#8220;Casi la mitad de los j\u00f3venes entre 16 y 32 a\u00f1os asegura que padece malestar emocional&#8221;. El informe #Rayadas, en Telemadrid"},"content":{"rendered":"<p>&#8220;Un informe de la Fundaci\u00f3n Manantial pone el foco sobre la salud mental de los j\u00f3venes en Espa\u00f1a. Y arroja <strong>datos preocupantes: casi el 46% de los j\u00f3venes entre 16 y 32 a\u00f1os asegura que padece malestar emocional&#8221;<\/strong>. As\u00ed comienza el reportaje de <a href=\"https:\/\/www.telemadrid.es\/programas\/telenoticias-1\/Casi-la-mitad-de-los-jovenes-entre-16-y-32-anos-asegura-que-padece-malestar-emocional-2-2617258267--20231121031325.html\" target=\"_blank\" rel=\"noopener\">Telemadrid<\/a> sobre el <a href=\"https:\/\/elastic-antonelli.5-250-189-237.plesk.page\/sala-de-prensa\/informe-rayadas-la-salud-mental-de-la-poblacion-joven-en-espana\/\" target=\"_blank\" rel=\"noopener\">informe &#8220;#Rayadas. La salud mental de la poblaci\u00f3n joven en Espa\u00f1a&#8221;<\/a> presentado hoy durante la jornada anual de Fundaci\u00f3n Manantial &#8220;<a href=\"https:\/\/elastic-antonelli.5-250-189-237.plesk.page\/sala-de-prensa\/el-informe-rayadas-concluye-que-el-458-de-los-jovenes-espanoles-entre-16-y-32-anos-padecen-malestar-emocional\/\" target=\"_blank\" rel=\"noopener\">El reto de la salud mental en las personas j\u00f3venes<\/a>&#8221; que se ha celebrado en CaixaForum Madrid.<\/p>\n<p><strong>&#8220;Lo que suelen hacer es aislarse, no pedir ayuda&#8221;<\/strong>, afirma <a href=\"https:\/\/es.linkedin.com\/in\/sara-toledano-m%C3%A1rquez\" target=\"_blank\" rel=\"noopener\">Sara Toledano<\/a>, directora del \u00c1rea T\u00e9cnica y de Innovaci\u00f3n de Fundaci\u00f3n Manantial y una de las impulsoras del informe.<\/p>\n<p>Las preocupaciones que m\u00e1s afectan a su bienestar afectivo son la <strong>inestabilidad econ\u00f3mica, el desempleo y el acceso a la sanidad<\/strong>. Otras de las fuentes de malestar emocional son las <strong>nuevas tecnolog\u00edas<\/strong>, que <strong>generan ansiedad, estr\u00e9s y, en 2 de cada 10 casos, problemas de sue\u00f1o y concentraci\u00f3n<\/strong>. &#8220;Tienen que ser como son los modelos ideales que aparecen en las redes sociales y eso afecta mucho a su autoestima y les genera mucha presi\u00f3n&#8221;, asegura Sara.<\/p>\n<p>Este estudio es para Fundaci\u00f3n Manantial un punto de partida y expresa el <strong>compromiso de continuar trabajando para hacer frente a las nuevas realidades en torno a la salud mental de este mundo en cambio. <\/strong><\/p>\n<div><strong><a class=\"btn btn-primary\" href=\"https:\/\/www.fundacionmanantial.org\/wp-content\/uploads\/2024\/01\/INFORME-RAYADAS-SALUD-MENTAL-JOVENES-FUNDACION-MANANTIAL.pdf\" target=\"_blank\" rel=\"noopener\">Descargar informe &#8220;#Rayadas. La salud mental de la poblaci\u00f3n joven en Espa\u00f1a&#8221;<br \/>\n<\/a><\/strong>&nbsp;<\/p>\n<div><strong><a class=\"btn btn-primary\" href=\"https:\/\/www.telemadrid.es\/programas\/telenoticias-1\/Casi-la-mitad-de-los-jovenes-entre-16-y-32-anos-asegura-que-padece-malestar-emocional-2-2617258267--20231121031325.html\" target=\"_blank\" rel=\"noopener\">Ver reportaje completo en Telemadrid&#8221;<br \/>\n<\/a><\/strong><\/div>\n<\/div>\n","protected":false},"excerpt":{"rendered":"<p>&#8220;Un informe de la Fundaci\u00f3n Manantial pone el foco sobre la salud mental de los j\u00f3venes en Espa\u00f1a. Y arroja datos preocupantes: casi el 46% de los j\u00f3venes entre 16 y 32 a\u00f1os asegura que padece malestar emocional&#8221;. As\u00ed comienza el reportaje de Telemadrid sobre el informe &#8220;#Rayadas. La salud mental de la poblaci\u00f3n joven [&hellip;]<\/p>\n","protected":false},"author":1,"featured_media":3856,"comment_status":"closed","ping_status":"closed","sticky":false,"template":"","format":"standard","meta":{"_acf_changed":false,"give_campaign_id":0,"_seopress_robots_primary_cat":"none","_seopress_titles_title":"","_seopress_titles_desc":"","_seopress_robots_index":"","footnotes":""},"categories":[34],"tags":[],"class_list":["post-3855","post","type-post","status-publish","format-standard","has-post-thumbnail","hentry","category-noticias-fundacion-manantial"],"acf":[],"_links":{"self":[{"href":"https:\/\/www.fundacionmanantial.org\/en\/wp-json\/wp\/v2\/posts\/3855","targetHints":{"allow":["GET"]}}],"collection":[{"href":"https:\/\/www.fundacionmanantial.org\/en\/wp-json\/wp\/v2\/posts"}],"about":[{"href":"https:\/\/www.fundacionmanantial.org\/en\/wp-json\/wp\/v2\/types\/post"}],"author":[{"embeddable":true,"href":"https:\/\/www.fundacionmanantial.org\/en\/wp-json\/wp\/v2\/users\/1"}],"replies":[{"embeddable":true,"href":"https:\/\/www.fundacionmanantial.org\/en\/wp-json\/wp\/v2\/comments?post=3855"}],"version-history":[{"count":0,"href":"https:\/\/www.fundacionmanantial.org\/en\/wp-json\/wp\/v2\/posts\/3855\/revisions"}],"wp:featuredmedia":[{"embeddable":true,"href":"https:\/\/www.fundacionmanantial.org\/en\/wp-json\/wp\/v2\/media\/3856"}],"wp:attachment":[{"href":"https:\/\/www.fundacionmanantial.org\/en\/wp-json\/wp\/v2\/media?parent=3855"}],"wp:term":[{"taxonomy":"category","embeddable":true,"href":"https:\/\/www.fundacionmanantial.org\/en\/wp-json\/wp\/v2\/categories?post=3855"},{"taxonomy":"post_tag","embeddable":true,"href":"https:\/\/www.fundacionmanantial.org\/en\/wp-json\/wp\/v2\/tags?post=3855"}],"curies":[{"name":"wp","href":"https:\/\/api.w.org\/{rel}","templated":true}]}}