{"id":3853,"date":"2023-11-14T14:53:30","date_gmt":"2023-11-14T13:53:30","guid":{"rendered":"https:\/\/www.fundacionmanantial.org\/voluntariado-corporativo-de-hilti-en-fundacion-manantial\/"},"modified":"2023-11-14T14:53:30","modified_gmt":"2023-11-14T13:53:30","slug":"voluntariado-corporativo-de-hilti-en-fundacion-manantial","status":"publish","type":"post","link":"https:\/\/www.fundacionmanantial.org\/en\/voluntariado-corporativo-de-hilti-en-fundacion-manantial\/","title":{"rendered":"Voluntariado corporativo de Hilti en Fundaci\u00f3n Manantial"},"content":{"rendered":"<p>14 personas voluntarias de la empresa <a href=\"https:\/\/www.hilti.es\/\" rel=\"noopener\" target=\"_blank\">Hilti<\/a> han pasado la ma\u00f1ana junto a 13 personas de Fundaci\u00f3n Manantial en una jornada de equinoterapia desarrollada por la <a href=\"https:\/\/www.facebook.com\/asociacionequinoterpiamadridsur\/?locale=es_ES\" rel=\"noopener\" target=\"_blank\">Asociaci\u00f3n de Equinoterapia Madrid Sur<\/a>.<\/p>\n<p>Tras conocer los recursos de atenci\u00f3n social &#8220;Legan\u00e9s&#8221;, gestionados por Manantial, las personas voluntarias han realizado diferentes actividades, como el manejo de caballos por un recorrido sin riendas mediante recompensa, monta de caballos y juegos, peinado y cepillado y una charla informativa sobre alimentaci\u00f3n y cuidados. La actividad finaliz\u00f3 compartiendo un picnic ofrecido por <a href=\"http:\/\/manantialintegra.org\/\" rel=\"noopener\" target=\"_blank\">Manantial Integra Catering<\/a>.<\/p>\n<p>Las <strong>empresas con sensibilidad social<\/strong> pueden realizar <strong>programas de voluntariado corporativo<\/strong> para involucrar a sus empleados mediante la dedicaci\u00f3n de su tiempo, su talento o habilidades en los proyectos dirigidos a personas con problemas de salud mental de Fundaci\u00f3n Manantial. <strong>En 2022, Manantial recibi\u00f3 a 527 personas voluntarias procedentes de 14 empresas. <\/strong><\/p>\n<p><a href=\"https:\/\/elastic-antonelli.5-250-189-237.plesk.page\/voluntariado\/\" rel=\"noopener\" target=\"_blank\">M\u00e1s informaci\u00f3n sobre voluntariado corporativo<\/a><\/p>\n","protected":false},"excerpt":{"rendered":"<p>14 personas voluntarias de la empresa Hilti han pasado la ma\u00f1ana junto a 13 personas de Fundaci\u00f3n Manantial en una jornada de equinoterapia desarrollada por la Asociaci\u00f3n de Equinoterapia Madrid Sur. Tras conocer los recursos de atenci\u00f3n social &#8220;Legan\u00e9s&#8221;, gestionados por Manantial, las personas voluntarias han realizado diferentes actividades, como el manejo de caballos por [&hellip;]<\/p>\n","protected":false},"author":1,"featured_media":3854,"comment_status":"closed","ping_status":"closed","sticky":false,"template":"","format":"standard","meta":{"_acf_changed":false,"give_campaign_id":0,"_seopress_robots_primary_cat":"","_seopress_titles_title":"","_seopress_titles_desc":"","_seopress_robots_index":"","footnotes":""},"categories":[34],"tags":[],"class_list":["post-3853","post","type-post","status-publish","format-standard","has-post-thumbnail","hentry","category-noticias-fundacion-manantial"],"acf":[],"_links":{"self":[{"href":"https:\/\/www.fundacionmanantial.org\/en\/wp-json\/wp\/v2\/posts\/3853","targetHints":{"allow":["GET"]}}],"collection":[{"href":"https:\/\/www.fundacionmanantial.org\/en\/wp-json\/wp\/v2\/posts"}],"about":[{"href":"https:\/\/www.fundacionmanantial.org\/en\/wp-json\/wp\/v2\/types\/post"}],"author":[{"embeddable":true,"href":"https:\/\/www.fundacionmanantial.org\/en\/wp-json\/wp\/v2\/users\/1"}],"replies":[{"embeddable":true,"href":"https:\/\/www.fundacionmanantial.org\/en\/wp-json\/wp\/v2\/comments?post=3853"}],"version-history":[{"count":0,"href":"https:\/\/www.fundacionmanantial.org\/en\/wp-json\/wp\/v2\/posts\/3853\/revisions"}],"wp:featuredmedia":[{"embeddable":true,"href":"https:\/\/www.fundacionmanantial.org\/en\/wp-json\/wp\/v2\/media\/3854"}],"wp:attachment":[{"href":"https:\/\/www.fundacionmanantial.org\/en\/wp-json\/wp\/v2\/media?parent=3853"}],"wp:term":[{"taxonomy":"category","embeddable":true,"href":"https:\/\/www.fundacionmanantial.org\/en\/wp-json\/wp\/v2\/categories?post=3853"},{"taxonomy":"post_tag","embeddable":true,"href":"https:\/\/www.fundacionmanantial.org\/en\/wp-json\/wp\/v2\/tags?post=3853"}],"curies":[{"name":"wp","href":"https:\/\/api.w.org\/{rel}","templated":true}]}}