{"id":3851,"date":"2023-11-22T11:34:00","date_gmt":"2023-11-22T10:34:00","guid":{"rendered":"https:\/\/www.fundacionmanantial.org\/el-informe-rayadas-concluye-que-el-458-de-los-jovenes-espanoles-entre-16-y-32-anos-padecen-malestar-emocional\/"},"modified":"2024-01-26T10:15:05","modified_gmt":"2024-01-26T09:15:05","slug":"el-informe-rayadas-concluye-que-el-458-de-los-jovenes-espanoles-entre-16-y-32-anos-padecen-malestar-emocional","status":"publish","type":"post","link":"https:\/\/www.fundacionmanantial.org\/en\/el-informe-rayadas-concluye-que-el-458-de-los-jovenes-espanoles-entre-16-y-32-anos-padecen-malestar-emocional\/","title":{"rendered":"El informe \u201c#Rayadas\u201d concluye que el 45,8% de los j\u00f3venes espa\u00f1oles entre 16 y 32 a\u00f1os padecen malestar emocional"},"content":{"rendered":"<p><strong>El 45,8% de los j\u00f3venes de entre 16 y 32 a\u00f1os en Espa\u00f1a aseguran padecer malestar emocional.<\/strong> Esta es una de las principales conclusiones del <strong>informe #Rayadas. La salud mental de la poblaci\u00f3n joven en Espa\u00f1a<\/strong>, presentado hoy en la XX Jornada Anual \u201cEl reto de la salud mental en personas j\u00f3venes\u201d de Fundaci\u00f3n Manantial en el auditorio de CaixaForum de Madrid.<\/p>\n<p>El acto inaugurado por D\u00f1a. <strong>Ana D\u00e1vila-Ponce de Le\u00f3n<\/strong>, consejera de Familia, Juventud y Asuntos Sociales de la Comunidad de Madrid, tambi\u00e9n ha contado con la participaci\u00f3n de <strong>Francisco Sardina<\/strong>, presidente del Patronato de Fundaci\u00f3n Manantial, el psic\u00f3logo e ilustrador <strong>Pablo R. Coca<\/strong>, m\u00e1s conocido como Occimorons; <strong>Laura Baena<\/strong>, fundadora del Club de Malasmadres, y <strong>Sara Toledano<\/strong>, directora t\u00e9cnica y de innovaci\u00f3n de Fundaci\u00f3n Manantial, y responsable del informe.<\/p>\n<p>Durante la jornada, Sara Toledano, ha sido la encargada de exponer el informe \u201c#Rayadas. La salud mental de la poblaci\u00f3n joven en Espa\u00f1a\u201d, un an\u00e1lisis de la poblaci\u00f3n m\u00e1s joven llevado a cabo por Fundaci\u00f3n Manantial que ha permitido extraer algunas conclusiones sobre la situaci\u00f3n de la salud mental de los m\u00e1s j\u00f3venes, para el que ha contado con la colaboraci\u00f3n del Club de Malasmadres. \u201cUna de las cosas que m\u00e1s nos ha impactado es que los indicadores de malestar han puntuado muy alto y nos preocupa que un 37% de j\u00f3venes entre 16 y 32 a\u00f1os se a\u00edsla en lugar de pedir ayuda\u201d, afirma Sara Toledano.<\/p>\n<p><strong>Resultados del informe<\/strong><\/p>\n<p>Seg\u00fan los expertos los datos extra\u00eddos del informe representan una realidad que cada vez es m\u00e1s patente entre los adolescentes ya que los datos muestran que u<strong>n 38,3% de las personas j\u00f3venes reconoce sentirse sola siempre o muchas veces<\/strong>. Adem\u00e1s,<strong> el 45,8% de las personas j\u00f3venes espa\u00f1olas entre 16 y 32 a\u00f1os afirman padecer malestar emocional<\/strong> y, de este porcentaje, <strong>un 6,3% presenta una mayor intensidad que podr\u00eda tener consideraci\u00f3n cl\u00ednica.<\/strong><\/p>\n<p>El informe concluye que <strong>los y las j\u00f3venes destacan la tristeza excesiva (47%), el aislamiento (46,6%) y hacerse da\u00f1o a uno mismo (45,1%)<\/strong> como los signos m\u00e1s relevantes de una mala salud mental.<\/p>\n<p>Adem\u00e1s, las cuatro preocupaciones que m\u00e1s afectan al bienestar emocional de la poblaci\u00f3n joven son la <strong>inestabilidad econ\u00f3mica en un 82,5% de los casos, el desempleo en un 72,8%, el futuro a nivel social en un 70%, y el acceso a la sanidad en un 66,7% de los casos. <\/strong><\/p>\n<p>Y en esta l\u00ednea, #Rayadas concluye que <strong>las personas j\u00f3venes reconocen que el uso excesivo de las TIRC (Tecnolog\u00edas de la Informaci\u00f3n, Relaci\u00f3n y Comunicaci\u00f3n) les produce ansiedad y estr\u00e9s continuo (31,3%), disminuci\u00f3n de su nivel de concentraci\u00f3n (29,5%) y problemas de sue\u00f1o (28%).<\/strong><\/p>\n<p><strong>Fundaci\u00f3n Manantial apela a la importancia de buscar ayuda<\/strong><\/p>\n<p>Durante la jornada, los ponentes han reflexionado sobre las preocupaciones de los j\u00f3venes y c\u00f3mo afectan a su salud mental. Seg\u00fan los ponentes, uno de los principales problemas es que <strong>solamente un 30% de los j\u00f3venes pide ayuda a amigos, familiares o profesionales cuando siente malestar emocional, un 25% no hace nada y la respuesta m\u00e1s frecuente ante el malestar emocional es aislarse, en un 36,6% de los casos.<\/strong><\/p>\n<p>En esta l\u00ednea, han destacado tambi\u00e9n <strong>un 28% de los j\u00f3venes ha utilizado servicios de ayuda para mejorar su salud mental a trav\u00e9s de internet o redes sociales y, de ellos, un 51,2% utiliza v\u00eddeos, un 40,6% aplicaciones de ayuda psicol\u00f3gica y un 31,8% ha accedido a grupos de apoyo online.<\/strong><\/p>\n<p>En cuanto a la medicaci\u00f3n, <strong>un 22,9% consume o ha consumido psicof\u00e1rmacos para encontrarse mejor emocionalmente y destaca que, de este porcentaje, el 62% son chicas. <\/strong><\/p>\n<p>En este sentido, Toledano ha expresado durante su intervenci\u00f3n que \u201clos motivos principales por los que las personas j\u00f3venes no piden ayuda son el miedo al rechazo y por el temor a preocupar a sus seres queridos como familiares y amigos. Tambi\u00e9n por la dificultad para reconocer o asumir que est\u00e1n atravesando una situaci\u00f3n problem\u00e1tica relacionada con la salud mental\u201d.<\/p>\n<p><strong>XX Jornada Anual de la Fundaci\u00f3n: Uniendo fuerzas por y para la salud mental de los j\u00f3venes<\/strong><\/p>\n<p>Adem\u00e1s de los miembros mencionados, la Jornada ha contado entre sus asistentes con Jos\u00e9 Antonio Luengo Latorre, decano-presidente del Colegio Oficial de la Psicolog\u00eda de Madrid, experto en dolor adolescente.<\/p>\n<p>La mesa redonda de <strong>\u201cMiedos en la juventud\u201d<\/strong> ha estado moderada por Pablo R. Roca, psic\u00f3logo y creador de Occimorons, en la que se ha contado con los testimonios de cuatro estudiantes. Y, adem\u00e1s, la ponencia sobre el reto de la atenci\u00f3n psicosocial, ha contado con la participaci\u00f3n de <strong>Montserrat Graell Berna<\/strong>, jefa de servicio de Psiquiatr\u00eda y Psicolog\u00eda Cl\u00ednica del Hospital Infantil Universitario Ni\u00f1o Jes\u00fas, <strong>Mar\u00eda Cabello<\/strong>, profesora e investigadora del departamento de Psiquiatr\u00eda de la Facultad de Medicina de la Universidad Aut\u00f3noma de Madrid, y <strong>Mark Dangerfield<\/strong>, doctor en Psicolog\u00eda y director del Instituto Universitario de Salud Mental Vidal i Barraquer de la Universidad Ramon Llull de Barcelona.<\/p>\n<p><strong>Catalina Perazzo Aragoneses<\/strong>, directora de Incidencia social y pol\u00edtica en <strong>Save The Children<\/strong>, ha sido la encargada de clausurar unas jornadas que buscan reflexionar sobre el tipo de ayuda que podemos proporcionar para promover el bienestar socio emocional y prevenir y atender los problemas de salud mental de j\u00f3venes y adolescentes.<\/p>\n<p>&nbsp;<\/p>\n<div><strong><a class=\"btn btn-primary\" href=\"https:\/\/www.fundacionmanantial.org\/wp-content\/uploads\/2024\/01\/INFORME-RAYADAS-SALUD-MENTAL-JOVENES-FUNDACION-MANANTIAL.pdf\" target=\"_blank\" rel=\"noopener\">Descargar informe &#8220;#Rayadas. La salud mental de la poblaci\u00f3n joven en Espa\u00f1a&#8221;<br \/>\n<\/a><\/strong><\/p>\n<div><strong><a class=\"btn btn-primary\" href=\"https:\/\/webcastlive.es\/manantial2023\/\" target=\"_blank\" rel=\"noopener\">Ver en v\u00eddeo la jornada completa&#8221;<br \/>\n<\/a><\/strong><\/p>\n<div><img decoding=\"async\" src=\"https:\/\/elastic-antonelli.5-250-189-237.plesk.page\/\/wp-content\/uploads\/2023\/11\/unnamed.png\" alt=\"plan-transformacion-digital-manantial2030\" \/><\/div>\n<\/div>\n<\/div>\n","protected":false},"excerpt":{"rendered":"<p>El 45,8% de los j\u00f3venes de entre 16 y 32 a\u00f1os en Espa\u00f1a aseguran padecer malestar emocional. Esta es una de las principales conclusiones del informe #Rayadas. La salud mental de la poblaci\u00f3n joven en Espa\u00f1a, presentado hoy en la XX Jornada Anual \u201cEl reto de la salud mental en personas j\u00f3venes\u201d de Fundaci\u00f3n Manantial [&hellip;]<\/p>\n","protected":false},"author":1,"featured_media":3852,"comment_status":"closed","ping_status":"closed","sticky":false,"template":"","format":"standard","meta":{"_acf_changed":false,"give_campaign_id":0,"_seopress_robots_primary_cat":"none","_seopress_titles_title":"","_seopress_titles_desc":"","_seopress_robots_index":"","footnotes":""},"categories":[34],"tags":[85,345,492,180],"class_list":["post-3851","post","type-post","status-publish","format-standard","has-post-thumbnail","hentry","category-noticias-fundacion-manantial","tag-fundacion-manantial","tag-jovenes","tag-rayadas","tag-saludmental"],"acf":[],"_links":{"self":[{"href":"https:\/\/www.fundacionmanantial.org\/en\/wp-json\/wp\/v2\/posts\/3851","targetHints":{"allow":["GET"]}}],"collection":[{"href":"https:\/\/www.fundacionmanantial.org\/en\/wp-json\/wp\/v2\/posts"}],"about":[{"href":"https:\/\/www.fundacionmanantial.org\/en\/wp-json\/wp\/v2\/types\/post"}],"author":[{"embeddable":true,"href":"https:\/\/www.fundacionmanantial.org\/en\/wp-json\/wp\/v2\/users\/1"}],"replies":[{"embeddable":true,"href":"https:\/\/www.fundacionmanantial.org\/en\/wp-json\/wp\/v2\/comments?post=3851"}],"version-history":[{"count":0,"href":"https:\/\/www.fundacionmanantial.org\/en\/wp-json\/wp\/v2\/posts\/3851\/revisions"}],"wp:featuredmedia":[{"embeddable":true,"href":"https:\/\/www.fundacionmanantial.org\/en\/wp-json\/wp\/v2\/media\/3852"}],"wp:attachment":[{"href":"https:\/\/www.fundacionmanantial.org\/en\/wp-json\/wp\/v2\/media?parent=3851"}],"wp:term":[{"taxonomy":"category","embeddable":true,"href":"https:\/\/www.fundacionmanantial.org\/en\/wp-json\/wp\/v2\/categories?post=3851"},{"taxonomy":"post_tag","embeddable":true,"href":"https:\/\/www.fundacionmanantial.org\/en\/wp-json\/wp\/v2\/tags?post=3851"}],"curies":[{"name":"wp","href":"https:\/\/api.w.org\/{rel}","templated":true}]}}