{"id":3848,"date":"2023-11-20T11:57:59","date_gmt":"2023-11-20T10:57:59","guid":{"rendered":"https:\/\/www.fundacionmanantial.org\/en-directo-jornada-saludmentaljovenes\/"},"modified":"2023-11-20T11:57:59","modified_gmt":"2023-11-20T10:57:59","slug":"en-directo-jornada-saludmentaljovenes","status":"publish","type":"post","link":"https:\/\/www.fundacionmanantial.org\/en\/en-directo-jornada-saludmentaljovenes\/","title":{"rendered":"En directo: Jornada #SaludMentalJ\u00f3venes"},"content":{"rendered":"<p>El 21 de noviembre de 2023, Fundaci\u00f3n Manantial celebra su <a href=\"https:\/\/elastic-antonelli.5-250-189-237.plesk.page\/sala-de-prensa\/xx-jornada-anual-el-reto-de-la-salud-mental-en-las-personas-jovenes\/\" rel=\"noopener\" target=\"_blank\">XX Jornada Anual \u201cEl reto de la salud mental en las personas j\u00f3venes\u201d<\/a> para reflexionar sobre la salud mental y el bienestar emocional de las personas j\u00f3venes, que se ha convertido en una preocupaci\u00f3n social en los \u00faltimos a\u00f1os, sobre todo a ra\u00edz de la pandemia por COVID 19. <\/p>\n<p>Durante la jornada, compartiremos los <strong>resultados de nuestra investigaci\u00f3n \u201c#Rayadas. La salud mental de la poblaci\u00f3n joven en Espa\u00f1a&#8221;: <\/strong>, un estudio de encuesta y cualitativo sobre el malestar emocional, sus manifestaciones y las posibilidades de ayuda que podemos desarrollar para <strong>mejorar la salud mental de adolescentes y j\u00f3venes. <\/strong><\/p>\n<p><strong><a class=\"btn btn-primary\" href=\"https:\/\/webcastlive.es\/manantial2023\/\" target=\"_blank\" rel=\"noopener\">Seguir la Jornada en directo<\/a><\/strong><br \/>\n&nbsp;<\/p>\n<div>\n<strong><a class=\"btn btn-primary\" href=\"https:\/\/elastic-antonelli.5-250-189-237.plesk.page\/\/wp-content\/uploads\/2023\/11\/Programa-Jovenes-y-Salud-Mental-2.pdf\" target=\"_blank\" rel=\"noopener\">Programa de la Jornada<\/a><\/strong><\/p>\n","protected":false},"excerpt":{"rendered":"<p>El 21 de noviembre de 2023, Fundaci\u00f3n Manantial celebra su XX Jornada Anual \u201cEl reto de la salud mental en las personas j\u00f3venes\u201d para reflexionar sobre la salud mental y el bienestar emocional de las personas j\u00f3venes, que se ha convertido en una preocupaci\u00f3n social en los \u00faltimos a\u00f1os, sobre todo a ra\u00edz de la [&hellip;]<\/p>\n","protected":false},"author":1,"featured_media":3829,"comment_status":"closed","ping_status":"closed","sticky":false,"template":"","format":"standard","meta":{"_acf_changed":false,"give_campaign_id":0,"_seopress_robots_primary_cat":"","_seopress_titles_title":"","_seopress_titles_desc":"","_seopress_robots_index":"","footnotes":""},"categories":[34],"tags":[196,242,199,345,180,202],"class_list":["post-3848","post","type-post","status-publish","format-standard","has-post-thumbnail","hentry","category-noticias-fundacion-manantial","tag-directo","tag-fundacionmanantial","tag-jornada","tag-jovenes","tag-saludmental","tag-streaming"],"acf":[],"_links":{"self":[{"href":"https:\/\/www.fundacionmanantial.org\/en\/wp-json\/wp\/v2\/posts\/3848","targetHints":{"allow":["GET"]}}],"collection":[{"href":"https:\/\/www.fundacionmanantial.org\/en\/wp-json\/wp\/v2\/posts"}],"about":[{"href":"https:\/\/www.fundacionmanantial.org\/en\/wp-json\/wp\/v2\/types\/post"}],"author":[{"embeddable":true,"href":"https:\/\/www.fundacionmanantial.org\/en\/wp-json\/wp\/v2\/users\/1"}],"replies":[{"embeddable":true,"href":"https:\/\/www.fundacionmanantial.org\/en\/wp-json\/wp\/v2\/comments?post=3848"}],"version-history":[{"count":0,"href":"https:\/\/www.fundacionmanantial.org\/en\/wp-json\/wp\/v2\/posts\/3848\/revisions"}],"wp:featuredmedia":[{"embeddable":true,"href":"https:\/\/www.fundacionmanantial.org\/en\/wp-json\/wp\/v2\/media\/3829"}],"wp:attachment":[{"href":"https:\/\/www.fundacionmanantial.org\/en\/wp-json\/wp\/v2\/media?parent=3848"}],"wp:term":[{"taxonomy":"category","embeddable":true,"href":"https:\/\/www.fundacionmanantial.org\/en\/wp-json\/wp\/v2\/categories?post=3848"},{"taxonomy":"post_tag","embeddable":true,"href":"https:\/\/www.fundacionmanantial.org\/en\/wp-json\/wp\/v2\/tags?post=3848"}],"curies":[{"name":"wp","href":"https:\/\/api.w.org\/{rel}","templated":true}]}}