{"id":3846,"date":"2023-11-06T14:13:08","date_gmt":"2023-11-06T13:13:08","guid":{"rendered":"https:\/\/www.fundacionmanantial.org\/rayadas-y-el-dolor-adolescente-en-el-pais\/"},"modified":"2023-11-06T14:13:08","modified_gmt":"2023-11-06T13:13:08","slug":"rayadas-y-el-dolor-adolescente-en-el-pais","status":"publish","type":"post","link":"https:\/\/www.fundacionmanantial.org\/en\/rayadas-y-el-dolor-adolescente-en-el-pais\/","title":{"rendered":"#Rayadas y el dolor adolescente, en El Pa\u00eds"},"content":{"rendered":"<p><a href=\"https:\/\/elpais.com\/ideas\/2023-11-04\/adolescencia-analogica-o-digital-te-va-a-dar-igual.html\" rel=\"noopener\" target=\"_blank\">&#8220;Adolescencia anal\u00f3gica o digital, te va a dar igual&#8221;<\/a> es el titular del \u00faltimo art\u00edculo de la periodista y escritora <a href=\"https:\/\/twitter.com\/nuria_labari?lang=es\" rel=\"noopener\" target=\"_blank\">Nuria Labari<\/a> en <em>El Pa\u00eds<\/em>. En \u00e9l, Labari habla del <strong>dolor adolescente<\/strong> y de <strong>la importancia de que las personas adultas lo comprendan y les acompa\u00f1en en ese sufrimiento, preguntando a los que saben dar respuestas sobre las verdaderas preocupaciones y miedos de esa edad: los propios adolescentes. <\/strong><\/p>\n<p><strong>\u201cMiedo a hacer da\u00f1o, a que me hagan da\u00f1o, a no sentirme suficiente, a no ser feliz, a no gustar, a que me ignoren, a no conseguirlo, a perder la ilusi\u00f3n, a que me dejen, a que me enga\u00f1en, a la Universidad, a sentirme sola\u201d<\/strong>, declararon. Estoy convencida de que si aquel d\u00eda hubiera metido en otra habitaci\u00f3n a las madres y padres de ese mismo grupo y les hubiera preguntado por los miedos que ten\u00edan sobre sus hijas e hijos, no habr\u00edan coincidido en nada&#8221;, escribe Nuria.<\/p>\n<p>Nuria Labari ha formado parte del <a href=\"https:\/\/elastic-antonelli.5-250-189-237.plesk.page\/sala-de-prensa\/rayadas-un-proyecto-para-cuidar-la-salud-mental-de-los-jovenes-en-el-ambito-educativo\/\" rel=\"noopener\" target=\"_blank\">proyecto #Rayadas de Fundaci\u00f3n Manantial<\/a>, un proyecto de <strong>prevenci\u00f3n en el \u00e1mbito educativo<\/strong> en colaboraci\u00f3n con la Direcci\u00f3n General de Juventud de la Comunidad de Madrid y la Fundaci\u00f3n Sacyr, que se centra en <strong>hablar con las personas j\u00f3venes de lo que les ocurre, conocer sus miedos, su malestar, ense\u00f1ando d\u00f3nde pedir ayuda y, sobre todo, mostrando c\u00f3mo funcionan las redes sociales para que aprendan a diferenciar la informaci\u00f3n veraz de la que no lo es.<\/strong><\/p>\n<p>El alarmante aumento de casos de <strong>malestar emocional entre las personas j\u00f3venes<\/strong>, la cifra de ingresos en psiquiatr\u00eda por intentos autol\u00edticos, el incremento de los trastornos de la conducta alimentaria, o las <strong>altas tasas de suicidio<\/strong> en esta poblaci\u00f3n, sobre todo a ra\u00edz de la pandemia por Covid, han hecho que los medios de comunicaci\u00f3n pongan el foco en la salud mental de los adolescentes y se acerquen a los proyectos que se est\u00e1n llevando a cabo para tratar de reducir estas cifras.<\/p>\n<p>&#8220;Nuestros adolescentes est\u00e1n tristes, solos y a menudo en peligro. Pero nosotros, los anal\u00f3gicos, tampoco fuimos felices. Y ese dolor compartido nos acerca m\u00e1s de lo que nos aleja cualquier dispositivo. Decimos que son de cristal, pero olvidamos con frecuencia que est\u00e1n a punto de romperse. Por eso, si tiene alguno cerca, no juzgue, no compare, no piense que su adolescencia fue mejor y esc\u00fachelo&#8221;.<\/p>\n<p><strong><a class=\"btn btn-primary\" href=\"https:\/\/elpais.com\/ideas\/2023-11-04\/adolescencia-analogica-o-digital-te-va-a-dar-igual.html\" target=\"_blank\" rel=\"noopener\">Leer el art\u00edculo completo<\/a><\/strong><br \/>\n&nbsp;<\/p>\n<div>\n","protected":false},"excerpt":{"rendered":"<p>&#8220;Adolescencia anal\u00f3gica o digital, te va a dar igual&#8221; es el titular del \u00faltimo art\u00edculo de la periodista y escritora Nuria Labari en El Pa\u00eds. En \u00e9l, Labari habla del dolor adolescente y de la importancia de que las personas adultas lo comprendan y les acompa\u00f1en en ese sufrimiento, preguntando a los que saben dar [&hellip;]<\/p>\n","protected":false},"author":1,"featured_media":3847,"comment_status":"closed","ping_status":"closed","sticky":false,"template":"","format":"standard","meta":{"_acf_changed":false,"give_campaign_id":0,"_seopress_robots_primary_cat":"","_seopress_titles_title":"","_seopress_titles_desc":"","_seopress_robots_index":"","footnotes":""},"categories":[34],"tags":[475,242,345,566,304,100,492,180],"class_list":["post-3846","post","type-post","status-publish","format-standard","has-post-thumbnail","hentry","category-noticias-fundacion-manantial","tag-adolescentes","tag-fundacionmanantial","tag-jovenes","tag-nuria-labari","tag-prensa","tag-prevencion","tag-rayadas","tag-saludmental"],"acf":[],"_links":{"self":[{"href":"https:\/\/www.fundacionmanantial.org\/en\/wp-json\/wp\/v2\/posts\/3846","targetHints":{"allow":["GET"]}}],"collection":[{"href":"https:\/\/www.fundacionmanantial.org\/en\/wp-json\/wp\/v2\/posts"}],"about":[{"href":"https:\/\/www.fundacionmanantial.org\/en\/wp-json\/wp\/v2\/types\/post"}],"author":[{"embeddable":true,"href":"https:\/\/www.fundacionmanantial.org\/en\/wp-json\/wp\/v2\/users\/1"}],"replies":[{"embeddable":true,"href":"https:\/\/www.fundacionmanantial.org\/en\/wp-json\/wp\/v2\/comments?post=3846"}],"version-history":[{"count":0,"href":"https:\/\/www.fundacionmanantial.org\/en\/wp-json\/wp\/v2\/posts\/3846\/revisions"}],"wp:featuredmedia":[{"embeddable":true,"href":"https:\/\/www.fundacionmanantial.org\/en\/wp-json\/wp\/v2\/media\/3847"}],"wp:attachment":[{"href":"https:\/\/www.fundacionmanantial.org\/en\/wp-json\/wp\/v2\/media?parent=3846"}],"wp:term":[{"taxonomy":"category","embeddable":true,"href":"https:\/\/www.fundacionmanantial.org\/en\/wp-json\/wp\/v2\/categories?post=3846"},{"taxonomy":"post_tag","embeddable":true,"href":"https:\/\/www.fundacionmanantial.org\/en\/wp-json\/wp\/v2\/tags?post=3846"}],"curies":[{"name":"wp","href":"https:\/\/api.w.org\/{rel}","templated":true}]}}