{"id":3811,"date":"2023-09-04T10:54:37","date_gmt":"2023-09-04T09:54:37","guid":{"rendered":"https:\/\/www.fundacionmanantial.org\/inauguracion-del-segundo-curso-de-formacion-del-proyecto-asistente-personal\/"},"modified":"2023-09-04T10:54:37","modified_gmt":"2023-09-04T09:54:37","slug":"inauguracion-del-segundo-curso-de-formacion-del-proyecto-asistente-personal","status":"publish","type":"post","link":"https:\/\/www.fundacionmanantial.org\/en\/inauguracion-del-segundo-curso-de-formacion-del-proyecto-asistente-personal\/","title":{"rendered":"Inauguraci\u00f3n del segundo curso de formaci\u00f3n del proyecto Asistente Personal"},"content":{"rendered":"<p>Elena Serrano Fern\u00e1ndez, directora general de Atenci\u00f3n a Personas con discapacidad de la Comunidad de Madrid, ha inaugurado la segunda edici\u00f3n del curso de formaci\u00f3n del proyecto Asistente Personal dirigido a futuros asistentes personales para personas con problemas graves de salud mental, un proyecto de la Consejer\u00eda de Familia, Juventud y Pol\u00edtica Social dentro del Plan de Recuperaci\u00f3n, Transformaci\u00f3n y Resiliencia financiado por los Fondos Next Generation de la Uni\u00f3n Europea.<\/p>\n<p>Esta edici\u00f3n cuenta con la participaci\u00f3n de 18 alumnos que han pasado por un proceso de recuperaci\u00f3n en salud mental y que tienen como objetivo adquirir las competencias necesarias para ejercer en un futuro como expertos en la asistencia de las personas que necesiten de esta figura profesional para facilitar su funcionamiento psicosocial e inclusi\u00f3n social.<\/p>\n<p>Como anteriores ediciones, el curso que tiene una duraci\u00f3n de 10 horas y se celebra en el Centro de Formaci\u00f3n\u00a0 de Fundaci\u00f3n Manantial, cuenta con\u00a0Fernando Alonso, experto y formador Peer2Peer (pares por\u00a0 experiencia en salud mental) y el equipo t\u00e9cnico formado por\u00a0Antonio L. Perdig\u00f3n\u00a0y Elena Garc\u00eda Val. <\/p>\n<p>Fundaci\u00f3n Manantial es la entidad gestora de este proyecto piloto que pretende promover servicios que ofrezcan un modelo de asistencia personal para facilitar el desarrollo de proyectos de vida independiente complementario a la Red de Atenci\u00f3n Social a personas con problemas graves de salud mental de la Comunidad de Madrid.<br \/>\n<\/p>\n","protected":false},"excerpt":{"rendered":"<p>Elena Serrano Fern\u00e1ndez, directora general de Atenci\u00f3n a Personas con discapacidad de la Comunidad de Madrid, ha inaugurado la segunda edici\u00f3n del curso de formaci\u00f3n del proyecto Asistente Personal dirigido a futuros asistentes personales para personas con problemas graves de salud mental, un proyecto de la Consejer\u00eda de Familia, Juventud y Pol\u00edtica Social dentro del [&hellip;]<\/p>\n","protected":false},"author":1,"featured_media":0,"comment_status":"closed","ping_status":"closed","sticky":false,"template":"","format":"standard","meta":{"_acf_changed":false,"give_campaign_id":0,"_seopress_robots_primary_cat":"","_seopress_titles_title":"","_seopress_titles_desc":"","_seopress_robots_index":"","footnotes":""},"categories":[34],"tags":[],"class_list":["post-3811","post","type-post","status-publish","format-standard","hentry","category-noticias-fundacion-manantial"],"acf":[],"_links":{"self":[{"href":"https:\/\/www.fundacionmanantial.org\/en\/wp-json\/wp\/v2\/posts\/3811","targetHints":{"allow":["GET"]}}],"collection":[{"href":"https:\/\/www.fundacionmanantial.org\/en\/wp-json\/wp\/v2\/posts"}],"about":[{"href":"https:\/\/www.fundacionmanantial.org\/en\/wp-json\/wp\/v2\/types\/post"}],"author":[{"embeddable":true,"href":"https:\/\/www.fundacionmanantial.org\/en\/wp-json\/wp\/v2\/users\/1"}],"replies":[{"embeddable":true,"href":"https:\/\/www.fundacionmanantial.org\/en\/wp-json\/wp\/v2\/comments?post=3811"}],"version-history":[{"count":0,"href":"https:\/\/www.fundacionmanantial.org\/en\/wp-json\/wp\/v2\/posts\/3811\/revisions"}],"wp:attachment":[{"href":"https:\/\/www.fundacionmanantial.org\/en\/wp-json\/wp\/v2\/media?parent=3811"}],"wp:term":[{"taxonomy":"category","embeddable":true,"href":"https:\/\/www.fundacionmanantial.org\/en\/wp-json\/wp\/v2\/categories?post=3811"},{"taxonomy":"post_tag","embeddable":true,"href":"https:\/\/www.fundacionmanantial.org\/en\/wp-json\/wp\/v2\/tags?post=3811"}],"curies":[{"name":"wp","href":"https:\/\/api.w.org\/{rel}","templated":true}]}}