{"id":3803,"date":"2023-08-02T08:12:13","date_gmt":"2023-08-02T07:12:13","guid":{"rendered":"https:\/\/www.fundacionmanantial.org\/mar-garcia-puig-presenta-la-historia-de-los-vertebrados-en-fundacion-manantial\/"},"modified":"2023-08-02T08:12:13","modified_gmt":"2023-08-02T07:12:13","slug":"mar-garcia-puig-presenta-la-historia-de-los-vertebrados-en-fundacion-manantial","status":"publish","type":"post","link":"https:\/\/www.fundacionmanantial.org\/en\/mar-garcia-puig-presenta-la-historia-de-los-vertebrados-en-fundacion-manantial\/","title":{"rendered":"Mar Garc\u00eda Puig presenta \u00abLa historia de los vertebrados\u00bb en Fundaci\u00f3n Manantial"},"content":{"rendered":"<p>El pr\u00f3ximo martes 12 de septiembre, <a href=\"https:\/\/twitter.com\/margpuig?lang=es\" rel=\"noopener\" target=\"_blank\">Mar Garc\u00eda Puig<\/a>, editora y escritora, presentar\u00e1 su libro <strong><a href=\"https:\/\/elpais.com\/cultura\/2023-03-25\/mar-garcia-puig-a-las-politicas-nos-siguen-tratando-de-histericas.html\" rel=\"noopener\" target=\"_blank\">\u00abLa historia de los vertebrados\u00bb<\/a><\/strong> (Random House), en Fundaci\u00f3n Manantial.<\/p>\n<p>\u00ab<strong>El 20 de diciembre de 2015 me convert\u00ed en madre y enloquec\u00ed.<\/strong> [&#8230;] Ese mismo d\u00eda, Espa\u00f1a votaba en las primeras elecciones en las que participaba un nuevo partido [&#8230;], y la esperanza del cambio planeaba sobre la jornada. Al anochecer, cuando yo contaba contracciones en la sala de dilataciones, el pa\u00eds contaba esca\u00f1os. Y ambas cuentas confluyeron en una nueva vida para m\u00ed, porque uno de esos esca\u00f1os iba a ser m\u00edo. El mismo d\u00eda del nacimiento de mis hijos, me convert\u00ed en diputada del Congreso\u00bb.<\/p>\n<p><strong>El que deber\u00eda haber sido el d\u00eda m\u00e1s feliz en su vida se convierte en el inicio de una historia de locura<\/strong>. <strong>La ansiedad se apodera de ella<\/strong> y el peso del mundo cae sobre sus hombros por partida doble: debe cuidar a sus mellizos reci\u00e9n nacidos y dar voz a los que han confiado en ella.<\/p>\n<p>Esta historia indaga en una herida personal para conectar con luchas universales, y es un viaje a trav\u00e9s del arte, la literatura, la mitolog\u00eda y la historia de la medicina. <strong>Mar Garc\u00eda Puig convierte la experiencia personal en un relato que nos habla de todas las mujeres que alguna vez han sentido que la cordura las abandonaba y de todos los hombres que las han silenciado amparados por siglos de ciencia, mitos y pol\u00edtica.<\/strong><\/p>\n<p>El 12 de septiembre a las 18:00 h presentar\u00e1 el libro en la sede de Fundaci\u00f3n Manantial (<a href=\"https:\/\/goo.gl\/maps\/A4Ry6saeRNXxXM5JA\" rel=\"noopener\" target=\"_blank\">Calle Poeta Esteban de Villegas, 12, bajo posterior, Madrid<\/a>).<br \/>\n&nbsp;<\/p>\n<div>\n<strong><a class=\"btn btn-primary\" href=\"https:\/\/iframe.deporticket.com\/web-formulario\/22936-inscripcion\" target=\"_blank\" rel=\"noopener\">Inscripciones<\/a><\/strong><br \/>\n&nbsp;<\/p>\n<div>\n","protected":false},"excerpt":{"rendered":"<p>El pr\u00f3ximo martes 12 de septiembre, Mar Garc\u00eda Puig, editora y escritora, presentar\u00e1 su libro \u00abLa historia de los vertebrados\u00bb (Random House), en Fundaci\u00f3n Manantial. \u00abEl 20 de diciembre de 2015 me convert\u00ed en madre y enloquec\u00ed. [&#8230;] Ese mismo d\u00eda, Espa\u00f1a votaba en las primeras elecciones en las que participaba un nuevo partido [&#8230;], [&hellip;]<\/p>\n","protected":false},"author":1,"featured_media":3804,"comment_status":"closed","ping_status":"closed","sticky":false,"template":"","format":"standard","meta":{"_acf_changed":false,"give_campaign_id":0,"_seopress_robots_primary_cat":"","_seopress_titles_title":"","_seopress_titles_desc":"","_seopress_robots_index":"","footnotes":""},"categories":[34],"tags":[540,85,164,350,541,99,542,417,180,543],"class_list":["post-3803","post","type-post","status-publish","format-standard","has-post-thumbnail","hentry","category-noticias-fundacion-manantial","tag-diputada","tag-fundacion-manantial","tag-libros","tag-literatura","tag-mar-garcia-puig","tag-maternidad","tag-postparto","tag-presentacion","tag-saludmental","tag-vertebrados"],"acf":[],"_links":{"self":[{"href":"https:\/\/www.fundacionmanantial.org\/en\/wp-json\/wp\/v2\/posts\/3803","targetHints":{"allow":["GET"]}}],"collection":[{"href":"https:\/\/www.fundacionmanantial.org\/en\/wp-json\/wp\/v2\/posts"}],"about":[{"href":"https:\/\/www.fundacionmanantial.org\/en\/wp-json\/wp\/v2\/types\/post"}],"author":[{"embeddable":true,"href":"https:\/\/www.fundacionmanantial.org\/en\/wp-json\/wp\/v2\/users\/1"}],"replies":[{"embeddable":true,"href":"https:\/\/www.fundacionmanantial.org\/en\/wp-json\/wp\/v2\/comments?post=3803"}],"version-history":[{"count":0,"href":"https:\/\/www.fundacionmanantial.org\/en\/wp-json\/wp\/v2\/posts\/3803\/revisions"}],"wp:featuredmedia":[{"embeddable":true,"href":"https:\/\/www.fundacionmanantial.org\/en\/wp-json\/wp\/v2\/media\/3804"}],"wp:attachment":[{"href":"https:\/\/www.fundacionmanantial.org\/en\/wp-json\/wp\/v2\/media?parent=3803"}],"wp:term":[{"taxonomy":"category","embeddable":true,"href":"https:\/\/www.fundacionmanantial.org\/en\/wp-json\/wp\/v2\/categories?post=3803"},{"taxonomy":"post_tag","embeddable":true,"href":"https:\/\/www.fundacionmanantial.org\/en\/wp-json\/wp\/v2\/tags?post=3803"}],"curies":[{"name":"wp","href":"https:\/\/api.w.org\/{rel}","templated":true}]}}