{"id":3801,"date":"2023-08-02T07:49:21","date_gmt":"2023-08-02T06:49:21","guid":{"rendered":"https:\/\/www.fundacionmanantial.org\/fundacion-manantial-y-el-ayuntamiento-de-madrid-firman-un-convenio-para-el-desarrollo-de-casa-verde\/"},"modified":"2023-08-02T07:49:21","modified_gmt":"2023-08-02T06:49:21","slug":"fundacion-manantial-y-el-ayuntamiento-de-madrid-firman-un-convenio-para-el-desarrollo-de-casa-verde","status":"publish","type":"post","link":"https:\/\/www.fundacionmanantial.org\/en\/fundacion-manantial-y-el-ayuntamiento-de-madrid-firman-un-convenio-para-el-desarrollo-de-casa-verde\/","title":{"rendered":"Fundaci\u00f3n Manantial y el Ayuntamiento de Madrid firman un convenio para el desarrollo de Casa Verde"},"content":{"rendered":"<p><strong>Fundaci\u00f3n Manantial<\/strong> ha firmado un convenio con el <a href=\"https:\/\/www.madrid.es\/portales\/munimadrid\/es\/Inicio\/Servicios-sociales-y-salud\/Direcciones-y-telefonos\/Area-de-Gobierno-de-Politicas-Sociales-Familia-e-Igualdad\/?vgnextfmt=default&#038;vgnextoid=97a411135f5fd410VgnVCM2000000c205a0aRCRD&#038;vgnextchannel=2bc2c8eb248fe410VgnVCM1000000b205a0aRCRD\" rel=\"noopener\" target=\"_blank\">\u00c1rea de Gobierno de Pol\u00edticas Sociales, Familia e Igualdad del Ayuntamiento de Madrid<\/a>, por el que se concede de forma directa una <strong>subvenci\u00f3n para el desarrollo de <a href=\"https:\/\/elastic-antonelli.5-250-189-237.plesk.page\/casa-verde\/\" rel=\"noopener\" target=\"_blank\">Casa Verde<\/a><\/strong>, un programa de atenci\u00f3n <strong>dirigido a madres y padres o mujeres embarazadas con problemas de salud mental o inestabilidad emocional y a sus hijos e hijas entre 0 y 5 a\u00f1os, que pretende prevenir posibles alteraciones emocionales y\/o en el desarrollo de los ni\u00f1os.<\/strong><\/p>\n<p>Casa Verde se basa en un conjunto de actuaciones e intervenciones profesionales dirigidas a <strong>reducir factores de riesgo, desarrollar v\u00ednculos saludables y atender los problemas emocionales y de salud mental de los adultos, as\u00ed como a estimular el desarrollo de los ni\u00f1os y ni\u00f1as.<\/strong><\/p>\n<p>Nuestra intervenci\u00f3n <strong>produce los apoyos y cambios necesarios para que los padres y madres en las situaciones de riesgo descritas puedan ejercer su maternidad y paternidad en condiciones de igualdad<\/strong> con el resto de la poblaci\u00f3n.<\/p>\n<p>Casa Verde contribuye a <strong>garantizar el derecho de los ni\u00f1os y las ni\u00f1as a crecer en un ambiente de seguridad y cuidado<\/strong>.<\/p>\n<p>El programa se desarrolla desde abril de 2011 <strong>en los distritos de Villa Vallecas y de Puente Vallecas, extendi\u00e9ndose la atenci\u00f3n para este a\u00f1o 2023 al distrito de Tetu\u00e1n.<\/strong> Recibe derivaciones de los Centros de Salud Mental y de personas atendidas en los Centros de Servicios Sociales, los Centros de Atenci\u00f3n a la Infancia (CAI) y los Centros de Atenci\u00f3n a la Familia (CAF) del Ayuntamiento de Madrid. Se trata de uno de los <strong>recursos integrados en el \u00e1mbito de los Servicios Sociales<\/strong> como <strong>herramienta de apoyo e intervenci\u00f3n con la que los profesionales de zona cuentan para valorar e intervenir en situaciones de riesgo de los menores<\/strong>, siendo una de las <strong>medidas de protecci\u00f3n de la persona menor<\/strong>.<\/p>\n<p>&nbsp;<\/p>\n<div>\n<strong><a class=\"btn btn-primary\" href=\"https:\/\/mascasaverde.org\/\" target=\"_blank\" rel=\"noopener\">Conoce m\u00e1s sobre Casa Verde<\/a><\/strong><br \/>\n&nbsp;<\/p>\n<div>\n","protected":false},"excerpt":{"rendered":"<p>Fundaci\u00f3n Manantial ha firmado un convenio con el \u00c1rea de Gobierno de Pol\u00edticas Sociales, Familia e Igualdad del Ayuntamiento de Madrid, por el que se concede de forma directa una subvenci\u00f3n para el desarrollo de Casa Verde, un programa de atenci\u00f3n dirigido a madres y padres o mujeres embarazadas con problemas de salud mental o [&hellip;]<\/p>\n","protected":false},"author":1,"featured_media":3802,"comment_status":"closed","ping_status":"closed","sticky":false,"template":"","format":"standard","meta":{"_acf_changed":false,"give_campaign_id":0,"_seopress_robots_primary_cat":"","_seopress_titles_title":"","_seopress_titles_desc":"","_seopress_robots_index":"","footnotes":""},"categories":[34],"tags":[174,97,208,98,99,100,180],"class_list":["post-3801","post","type-post","status-publish","format-standard","has-post-thumbnail","hentry","category-noticias-fundacion-manantial","tag-casa-verde","tag-custodia","tag-derechos","tag-infancia","tag-maternidad","tag-prevencion","tag-saludmental"],"acf":[],"_links":{"self":[{"href":"https:\/\/www.fundacionmanantial.org\/en\/wp-json\/wp\/v2\/posts\/3801","targetHints":{"allow":["GET"]}}],"collection":[{"href":"https:\/\/www.fundacionmanantial.org\/en\/wp-json\/wp\/v2\/posts"}],"about":[{"href":"https:\/\/www.fundacionmanantial.org\/en\/wp-json\/wp\/v2\/types\/post"}],"author":[{"embeddable":true,"href":"https:\/\/www.fundacionmanantial.org\/en\/wp-json\/wp\/v2\/users\/1"}],"replies":[{"embeddable":true,"href":"https:\/\/www.fundacionmanantial.org\/en\/wp-json\/wp\/v2\/comments?post=3801"}],"version-history":[{"count":0,"href":"https:\/\/www.fundacionmanantial.org\/en\/wp-json\/wp\/v2\/posts\/3801\/revisions"}],"wp:featuredmedia":[{"embeddable":true,"href":"https:\/\/www.fundacionmanantial.org\/en\/wp-json\/wp\/v2\/media\/3802"}],"wp:attachment":[{"href":"https:\/\/www.fundacionmanantial.org\/en\/wp-json\/wp\/v2\/media?parent=3801"}],"wp:term":[{"taxonomy":"category","embeddable":true,"href":"https:\/\/www.fundacionmanantial.org\/en\/wp-json\/wp\/v2\/categories?post=3801"},{"taxonomy":"post_tag","embeddable":true,"href":"https:\/\/www.fundacionmanantial.org\/en\/wp-json\/wp\/v2\/tags?post=3801"}],"curies":[{"name":"wp","href":"https:\/\/api.w.org\/{rel}","templated":true}]}}