{"id":3799,"date":"2023-08-02T07:02:18","date_gmt":"2023-08-02T06:02:18","guid":{"rendered":"https:\/\/www.fundacionmanantial.org\/la-inclusion-laboral-como-politica-de-rsc-en-la-industria-farma-manantial-integra-farma-en-isanidad\/"},"modified":"2023-08-02T07:02:18","modified_gmt":"2023-08-02T06:02:18","slug":"la-inclusion-laboral-como-politica-de-rsc-en-la-industria-farma-manantial-integra-farma-en-isanidad","status":"publish","type":"post","link":"https:\/\/www.fundacionmanantial.org\/en\/la-inclusion-laboral-como-politica-de-rsc-en-la-industria-farma-manantial-integra-farma-en-isanidad\/","title":{"rendered":"La inclusi\u00f3n laboral como pol\u00edtica de RSC en la industria farma &#8211; Manantial Integra Farma en iSanidad"},"content":{"rendered":"<p><a href=\"http:\/\/farma.manantialintegra.org\/\" rel=\"noopener\" target=\"_blank\">Manantial Integra Farma<\/a> es uno de los proyectos de <strong>creaci\u00f3n de empleo para personas con problemas de salud mental<\/strong> puesto en marcha por Fundaci\u00f3n Manantial en 2008. Farma es un laboratorio farmac\u00e9utico autorizado por la Agencia Espa\u00f1ola del Medicamento para el <strong>acondicionamiento secundario y almacenamiento de productos farmac\u00e9uticos<\/strong>. Dispone de <strong>once l\u00edneas de acondicionamiento<\/strong> y est\u00e1 <strong>especializado en serializaci\u00f3n y agregaci\u00f3n para diferentes mercados<\/strong>, con una m\u00e1xima flexibilidad y gran capacidad de reacci\u00f3n que les sit\u00faa como referentes en el sector farmac\u00e9utico proporcionando todo tipo de soluciones a los laboratorios fabricantes. <\/p>\n<p>Actualmente, la planta <strong>cuenta con 127 personas trabajando<\/strong>, una cifra muy elevada considerando que la tasa de desempleo del colectivo de las personas con problemas de salud mental alcanza el 83 %. La investigaci\u00f3n &#8220;Empleo y bienestar emocional&#8221; realizada por Fundaci\u00f3n Manantial concluy\u00f3 que un empleo remunerado se asocia con un mayor bienestar emocional e influye de manera positiva en el estado emocional. <strong>El compromiso de Fundaci\u00f3n Manantial es contribuir a garantizar el bienestar social y emocional de las personas con problemas de salud mental, adem\u00e1s de favorecer la creaci\u00f3n de una sociedad m\u00e1s inclusiva, en la que cualquier persona que lo desee pueda aportar valor social a trav\u00e9s de su trabajo. <\/strong><\/p>\n<p>La contrataci\u00f3n de los servicios de un Centro Especial de Empleo supone una pr\u00e1ctica de <strong>Responsabilidad Social<\/strong> para las empresas en un momento en el que la salud mental est\u00e1 en el centro del debate. Asimismo, se trata de una de las v\u00edas para el cumplimiento de las medidas alternativas al cumplimiento de la Ley General de Derechos de las Personas con Discapacidad y su inclusi\u00f3n social. Esta norma establece que <strong>todas las empresas de m\u00e1s de 50 trabajadores tienen la obligaci\u00f3n de incorporar en su plantilla al menos a un 2% de personas con discapacidad<\/strong>. <\/p>\n<p><iframe title=\"Gracias en nombre del 2 - Fundaci\u00f3n Manantial\" width=\"500\" height=\"281\" src=\"https:\/\/www.youtube.com\/embed\/LtoLUvnZAmk?feature=oembed\" frameborder=\"0\" allow=\"accelerometer; autoplay; clipboard-write; encrypted-media; gyroscope; picture-in-picture; web-share\" referrerpolicy=\"strict-origin-when-cross-origin\" allowfullscreen><\/iframe><\/p>\n<p>Para las empresas a las que les resulta imposible la contrataci\u00f3n directa, la ley establece <strong>medidas alternativas<\/strong>. Una es realizar una <strong>donaci\u00f3n, destinada a la inclusi\u00f3n laboral y a la creaci\u00f3n de empleo de personas con discapacidad<\/strong>. Otra posible v\u00eda es la <strong>f\u00f3rmula de enclave laboral que ofrece Manantial Integra Farma que da muy buenos resultados y facilita el tr\u00e1nsito a las empresas ordinarias.<\/strong> Y la tercera v\u00eda permite a la compa\u00f1\u00eda un retorno de esa inversi\u00f3n, <strong>contratando a un Centro Especial de Empleo para la realizaci\u00f3n de servicios que guarden relaci\u00f3n con su actividad, otra de las posibilidades que ofrece Manantial Integra Farma.<\/strong><\/p>\n<p><strong><a class=\"btn btn-primary\" href=\"https:\/\/isanidad.com\/256236\/la-inclusion-laboral-como-politica-de-rsc-aliada-de-la-excelencia-en-la-industria-farma\/\" target=\"_blank\" rel=\"noopener\">Leer el reportaje completo en iSanidad<\/a><\/strong><br \/>\n&nbsp;<\/p>\n<div>\n<strong><a class=\"btn btn-primary\" href=\"http:\/\/manantialintegra.org\/\" target=\"_blank\" rel=\"noopener\">Conoce m\u00e1s sobre Manantial Integra y el cumplimiento de la Ley General de Discapacidad<\/a><\/strong><br \/>\n&nbsp;<\/p>\n<div>\nFotograf\u00eda: Luis Pereira.<\/p>\n","protected":false},"excerpt":{"rendered":"<p>Manantial Integra Farma es uno de los proyectos de creaci\u00f3n de empleo para personas con problemas de salud mental puesto en marcha por Fundaci\u00f3n Manantial en 2008. Farma es un laboratorio farmac\u00e9utico autorizado por la Agencia Espa\u00f1ola del Medicamento para el acondicionamiento secundario y almacenamiento de productos farmac\u00e9uticos. Dispone de once l\u00edneas de acondicionamiento y [&hellip;]<\/p>\n","protected":false},"author":1,"featured_media":3800,"comment_status":"closed","ping_status":"closed","sticky":false,"template":"","format":"standard","meta":{"_acf_changed":false,"give_campaign_id":0,"_seopress_robots_primary_cat":"","_seopress_titles_title":"","_seopress_titles_desc":"","_seopress_robots_index":"","footnotes":""},"categories":[34],"tags":[60,242,61,63,410],"class_list":["post-3799","post","type-post","status-publish","format-standard","has-post-thumbnail","hentry","category-noticias-fundacion-manantial","tag-empleo","tag-fundacionmanantial","tag-inclusion","tag-laboral","tag-manantialintegra"],"acf":[],"_links":{"self":[{"href":"https:\/\/www.fundacionmanantial.org\/en\/wp-json\/wp\/v2\/posts\/3799","targetHints":{"allow":["GET"]}}],"collection":[{"href":"https:\/\/www.fundacionmanantial.org\/en\/wp-json\/wp\/v2\/posts"}],"about":[{"href":"https:\/\/www.fundacionmanantial.org\/en\/wp-json\/wp\/v2\/types\/post"}],"author":[{"embeddable":true,"href":"https:\/\/www.fundacionmanantial.org\/en\/wp-json\/wp\/v2\/users\/1"}],"replies":[{"embeddable":true,"href":"https:\/\/www.fundacionmanantial.org\/en\/wp-json\/wp\/v2\/comments?post=3799"}],"version-history":[{"count":0,"href":"https:\/\/www.fundacionmanantial.org\/en\/wp-json\/wp\/v2\/posts\/3799\/revisions"}],"wp:featuredmedia":[{"embeddable":true,"href":"https:\/\/www.fundacionmanantial.org\/en\/wp-json\/wp\/v2\/media\/3800"}],"wp:attachment":[{"href":"https:\/\/www.fundacionmanantial.org\/en\/wp-json\/wp\/v2\/media?parent=3799"}],"wp:term":[{"taxonomy":"category","embeddable":true,"href":"https:\/\/www.fundacionmanantial.org\/en\/wp-json\/wp\/v2\/categories?post=3799"},{"taxonomy":"post_tag","embeddable":true,"href":"https:\/\/www.fundacionmanantial.org\/en\/wp-json\/wp\/v2\/tags?post=3799"}],"curies":[{"name":"wp","href":"https:\/\/api.w.org\/{rel}","templated":true}]}}