{"id":3791,"date":"2023-09-01T06:46:21","date_gmt":"2023-09-01T05:46:21","guid":{"rendered":"https:\/\/www.fundacionmanantial.org\/es-tu-empresa-inclusiva-en-salud-mental\/"},"modified":"2023-09-01T06:46:21","modified_gmt":"2023-09-01T05:46:21","slug":"es-tu-empresa-inclusiva-en-salud-mental","status":"publish","type":"post","link":"https:\/\/www.fundacionmanantial.org\/en\/es-tu-empresa-inclusiva-en-salud-mental\/","title":{"rendered":"\u00bfEs tu empresa inclusiva en salud mental?"},"content":{"rendered":"<p><strong>El 2 es imprescindible<\/strong>, porque representa nuestra dualidad, y la b\u00fasqueda en el otro de una conexi\u00f3n sentimental. El 2 est\u00e1 siempre presente en el yin y el yang, el m\u00e1s y el menos, o el cielo y el infierno\u2026<\/p>\n<p><iframe title=\"Gracias en nombre del 2\" width=\"500\" height=\"281\" src=\"https:\/\/www.youtube.com\/embed\/MOiL_keaKVY?feature=oembed\" frameborder=\"0\" allow=\"accelerometer; autoplay; clipboard-write; encrypted-media; gyroscope; picture-in-picture; web-share\" referrerpolicy=\"strict-origin-when-cross-origin\" allowfullscreen><\/iframe><\/p>\n<p>Por eso, <strong>miles de empresas de toda Espa\u00f1a reservan el 2% de su plantilla a puestos de trabajo para personas con capacidades diferentes<\/strong>.<\/p>\n<p>Desde <strong>Fundaci\u00f3n Manantial<\/strong> trabajamos para hacer posible la <strong>inclusi\u00f3n social y laboral<\/strong>, seleccionando al personal entre las personas con problemas de salud mental, o proponiendo <strong>medidas alternativas<\/strong>.<\/p>\n<p>Porque <strong>reservar ese 2 por ciento es muy importante, y, sobre todo, es justo<\/strong>.<\/p>\n<p><strong>Gracias en nombre del 2<\/strong>  <\/p>\n<p>&nbsp;<\/p>\n<div>\n<strong><a class=\"btn btn-primary\" href=\"http:\/\/manantialintegra.org\/\n\" target=\"_blank\" rel=\"noopener\">\u00bfEs tu empresa inclusiva en salud mental?<\/a><\/strong><br \/>\n&nbsp;<\/p>\n<div>\n<strong><a class=\"btn btn-primary\" href=\"https:\/\/www.linkedin.com\/company\/86704912\/admin\/feed\/posts\/\n\" target=\"_blank\" rel=\"noopener\">S\u00edguenos y comparte la campa\u00f1a<br \/>\n<\/a><\/strong><\/p>\n","protected":false},"excerpt":{"rendered":"<p>El 2 es imprescindible, porque representa nuestra dualidad, y la b\u00fasqueda en el otro de una conexi\u00f3n sentimental. El 2 est\u00e1 siempre presente en el yin y el yang, el m\u00e1s y el menos, o el cielo y el infierno\u2026 Por eso, miles de empresas de toda Espa\u00f1a reservan el 2% de su plantilla a [&hellip;]<\/p>\n","protected":false},"author":1,"featured_media":3792,"comment_status":"closed","ping_status":"closed","sticky":false,"template":"","format":"standard","meta":{"_acf_changed":false,"give_campaign_id":0,"_seopress_robots_primary_cat":"","_seopress_titles_title":"","_seopress_titles_desc":"","_seopress_robots_index":"","footnotes":""},"categories":[34],"tags":[447,60,312,85,61,415,150,65],"class_list":["post-3791","post","type-post","status-publish","format-standard","has-post-thumbnail","hentry","category-noticias-fundacion-manantial","tag-diversidad","tag-empleo","tag-empresas","tag-fundacion-manantial","tag-inclusion","tag-ley-general-discapacidad","tag-manantial-integra","tag-salud-mental"],"acf":[],"_links":{"self":[{"href":"https:\/\/www.fundacionmanantial.org\/en\/wp-json\/wp\/v2\/posts\/3791","targetHints":{"allow":["GET"]}}],"collection":[{"href":"https:\/\/www.fundacionmanantial.org\/en\/wp-json\/wp\/v2\/posts"}],"about":[{"href":"https:\/\/www.fundacionmanantial.org\/en\/wp-json\/wp\/v2\/types\/post"}],"author":[{"embeddable":true,"href":"https:\/\/www.fundacionmanantial.org\/en\/wp-json\/wp\/v2\/users\/1"}],"replies":[{"embeddable":true,"href":"https:\/\/www.fundacionmanantial.org\/en\/wp-json\/wp\/v2\/comments?post=3791"}],"version-history":[{"count":0,"href":"https:\/\/www.fundacionmanantial.org\/en\/wp-json\/wp\/v2\/posts\/3791\/revisions"}],"wp:featuredmedia":[{"embeddable":true,"href":"https:\/\/www.fundacionmanantial.org\/en\/wp-json\/wp\/v2\/media\/3792"}],"wp:attachment":[{"href":"https:\/\/www.fundacionmanantial.org\/en\/wp-json\/wp\/v2\/media?parent=3791"}],"wp:term":[{"taxonomy":"category","embeddable":true,"href":"https:\/\/www.fundacionmanantial.org\/en\/wp-json\/wp\/v2\/categories?post=3791"},{"taxonomy":"post_tag","embeddable":true,"href":"https:\/\/www.fundacionmanantial.org\/en\/wp-json\/wp\/v2\/tags?post=3791"}],"curies":[{"name":"wp","href":"https:\/\/api.w.org\/{rel}","templated":true}]}}