{"id":3705,"date":"2023-03-13T11:26:28","date_gmt":"2023-03-13T10:26:28","guid":{"rendered":"https:\/\/www.fundacionmanantial.org\/el-curso-prevencion-y-abordaje-de-la-conducta-suicida-inaugura-el-plan-de-formacion-2023-de-fundacion-manantial\/"},"modified":"2023-03-13T11:26:28","modified_gmt":"2023-03-13T10:26:28","slug":"el-curso-prevencion-y-abordaje-de-la-conducta-suicida-inaugura-el-plan-de-formacion-2023-de-fundacion-manantial","status":"publish","type":"post","link":"https:\/\/www.fundacionmanantial.org\/en\/el-curso-prevencion-y-abordaje-de-la-conducta-suicida-inaugura-el-plan-de-formacion-2023-de-fundacion-manantial\/","title":{"rendered":"El curso &#8220;Prevenci\u00f3n y abordaje de la conducta suicida&#8221; inaugura el Plan de formaci\u00f3n 2023 de Fundaci\u00f3n Manantial"},"content":{"rendered":"<p><em>&#8220;En el a\u00f1o 2014 la <strong>Organizaci\u00f3n Mundial de la Salud<\/strong> elabor\u00f3 un <strong>informe sobre el suicidio<\/strong> para hacer frente a lo que denomin\u00f3 <strong>\u201cun gran problema de salud p\u00fablica que ha sido un tab\u00fa durante demasiado tiempo\u201d<\/strong>. En muchas ocasiones, <strong>el suicidio se vive como un suceso incomprensible<\/strong>. Sin embargo, las personas que se suicidan o intentan hacerlo, por lo general, <strong>no quieren dejar de vivir, sino dejar de sufrir<\/strong>. Se presenta este fen\u00f3meno como un tipo de conducta que cumple una funci\u00f3n en un contexto biogr\u00e1fico de sufrimiento, en el que una situaci\u00f3n es vivida con un dolor insoportable, intolerable e interminable. Y <strong>los mitos y tab\u00fas en torno a este fen\u00f3meno suponen importantes barreras para que puedan pedir ayuda.<\/strong><\/p>\n<p>Nos enfrentamos a <strong>un problema conceptualmente complejo y desconocido para la mayor\u00eda de la poblaci\u00f3n<\/strong>, motivo por el que los contenidos se articulan desde una perspectiva fenomenol\u00f3gica, contextual, existencial, multifactorial, psicol\u00f3gica y, como suele decirse, basada en la evidencia. Y si hay algo evidente es el <strong>necesario cambio de paradigma en el estudio de este fen\u00f3meno<\/strong>. Este curso constituye un revulsivo contra la idea de ubicar la conducta suicida exclusivamente en el plano \u201cmental\u201d o sanitario. <strong>La conducta suicida no puede disociarse de las formas y pr\u00e1cticas de vida socialmente instituidas que se enmarcan en una cultura determinada<\/strong>. De la misma manera, no puede separarse de la relaci\u00f3n dial\u00e9ctica de la persona con su mundo personal de valores y significados, en la que la situaci\u00f3n de atrapamiento y desesperanza cobrar\u00eda especial relevancia. Se precisa, en consecuencia, <strong>una nueva mirada del fen\u00f3meno del suicidio<\/strong>, solidaria con la condici\u00f3n humana y la vulnerabilidad existencial, seg\u00fan la cual pueda apreciarse que la conducta suicida es, precisamente, eso: <strong>una conducta anclada a un contexto biogr\u00e1fico, social y cultural que pone al l\u00edmite la vida de una persona.<\/strong><\/em><\/p>\n<p>Susana Al-Halab\u00ed<br \/>\n&nbsp;<\/p>\n<div>\nEl <strong>curso &#8220;Prevenci\u00f3n y abordaje de la conducta suicida&#8221;<\/strong>, impartido por <a href=\"https:\/\/www.linkedin.com\/in\/susana-al-halab%C3%AD\/?originalSubdomain=es\" rel=\"noopener\" target=\"_blank\">Susana Al-Halab\u00ed<\/a>, es una de las formaciones que <strong>inaugura el Plan de formaci\u00f3n interna de Fundaci\u00f3n Manantial en este 2023<\/strong>. Susana es Doctora en Psicolog\u00eda, profesora del Departamento de Psicolog\u00eda de la Universidad de Oviedo, especialista en Terapias de Tercera Generaci\u00f3n y Psic\u00f3loga General Sanitaria. Durante casi una d\u00e9cada trabaj\u00f3 en el Centro de Investigaci\u00f3n Biom\u00e9dica en Red de Salud Mental (CIBERSAM). Ha sido investigadora visitante en la Unidad de Adolescentes del Hospital Gregorio Mara\u00f1\u00f3n (Espa\u00f1a), el Instituto Europeo de Estudios en Prevenci\u00f3n (Portugal y Espa\u00f1a), la Fundaci\u00f3n Nacional de Investigaci\u00f3n en Suicidio de Cork (Irlanda) y en la Universidad de Columbia (Estados Unidos).<\/p>\n<p>Fundaci\u00f3n Manantial realiza una <strong>importante inversi\u00f3n econ\u00f3mica y organizativa en la elaboraci\u00f3n y desarrollo del Plan de Formaci\u00f3n dirigido a sus profesionales<\/strong>, movidos por el convencimiento de que <strong>el conocimiento es la herramienta m\u00e1s potente de cambio y una excepcional forma de cuidado de los\/las profesionales.<\/strong> Al igual que los \u00faltimos 3 a\u00f1os, este Plan <strong>combina la formaci\u00f3n presencial con la formaci\u00f3n online<\/strong>, de manera que aprovecha los beneficios de ambos formatos para hacerlo m\u00e1s accesible y para no perder la experiencia de compartir aprendizaje entre compa\u00f1eros de diferentes comunidades.<\/p>\n","protected":false},"excerpt":{"rendered":"<p>&#8220;En el a\u00f1o 2014 la Organizaci\u00f3n Mundial de la Salud elabor\u00f3 un informe sobre el suicidio para hacer frente a lo que denomin\u00f3 \u201cun gran problema de salud p\u00fablica que ha sido un tab\u00fa durante demasiado tiempo\u201d. En muchas ocasiones, el suicidio se vive como un suceso incomprensible. Sin embargo, las personas que se suicidan [&hellip;]<\/p>\n","protected":false},"author":1,"featured_media":3706,"comment_status":"closed","ping_status":"closed","sticky":false,"template":"","format":"standard","meta":{"_acf_changed":false,"give_campaign_id":0,"_seopress_robots_primary_cat":"","_seopress_titles_title":"","_seopress_titles_desc":"","_seopress_robots_index":"","footnotes":""},"categories":[34],"tags":[],"class_list":["post-3705","post","type-post","status-publish","format-standard","has-post-thumbnail","hentry","category-noticias-fundacion-manantial"],"acf":[],"_links":{"self":[{"href":"https:\/\/www.fundacionmanantial.org\/en\/wp-json\/wp\/v2\/posts\/3705","targetHints":{"allow":["GET"]}}],"collection":[{"href":"https:\/\/www.fundacionmanantial.org\/en\/wp-json\/wp\/v2\/posts"}],"about":[{"href":"https:\/\/www.fundacionmanantial.org\/en\/wp-json\/wp\/v2\/types\/post"}],"author":[{"embeddable":true,"href":"https:\/\/www.fundacionmanantial.org\/en\/wp-json\/wp\/v2\/users\/1"}],"replies":[{"embeddable":true,"href":"https:\/\/www.fundacionmanantial.org\/en\/wp-json\/wp\/v2\/comments?post=3705"}],"version-history":[{"count":0,"href":"https:\/\/www.fundacionmanantial.org\/en\/wp-json\/wp\/v2\/posts\/3705\/revisions"}],"wp:featuredmedia":[{"embeddable":true,"href":"https:\/\/www.fundacionmanantial.org\/en\/wp-json\/wp\/v2\/media\/3706"}],"wp:attachment":[{"href":"https:\/\/www.fundacionmanantial.org\/en\/wp-json\/wp\/v2\/media?parent=3705"}],"wp:term":[{"taxonomy":"category","embeddable":true,"href":"https:\/\/www.fundacionmanantial.org\/en\/wp-json\/wp\/v2\/categories?post=3705"},{"taxonomy":"post_tag","embeddable":true,"href":"https:\/\/www.fundacionmanantial.org\/en\/wp-json\/wp\/v2\/tags?post=3705"}],"curies":[{"name":"wp","href":"https:\/\/api.w.org\/{rel}","templated":true}]}}