{"id":3703,"date":"2023-03-10T08:30:00","date_gmt":"2023-03-10T07:30:00","guid":{"rendered":"https:\/\/www.fundacionmanantial.org\/carlos-manas-un-referente-en-la-lucha-derribar-el-estigma-de-la-salud-mental\/"},"modified":"2023-03-10T08:30:00","modified_gmt":"2023-03-10T07:30:00","slug":"carlos-manas-un-referente-en-la-lucha-derribar-el-estigma-de-la-salud-mental","status":"publish","type":"post","link":"https:\/\/www.fundacionmanantial.org\/en\/carlos-manas-un-referente-en-la-lucha-derribar-el-estigma-de-la-salud-mental\/","title":{"rendered":"Carlos Ma\u00f1as, un referente en la lucha derribar el estigma de la salud mental"},"content":{"rendered":"<p>El publicista, activista y escritor del libro \u201cMi cabeza me hace trampas\u201d, <strong>Carlos Ma\u00f1as<\/strong>, ha fallecido este domingo a los 57 a\u00f1os en Vigo. Ma\u00f1as ha sido <strong>un referente en la lucha por la visibilizaci\u00f3n de la bipolaridad, y un amigo y embajador de Fundaci\u00f3n Manantial<\/strong>, donde hemos tenido el placer de contar con su compa\u00f1\u00eda y como ponente en numerosas jornadas con su experiencia en primera persona.<\/p>\n<p>En 2019, <strong>Podium Podcast<\/strong> (Prisa Radio) dedic\u00f3 varios episodios a <a href=\"https:\/\/elastic-antonelli.5-250-189-237.plesk.page\/sala-de-prensa\/el-centro-de-dia-parla-participa-en-podium-podcast-para-dar-visibilidad-al-estigma-en-salud-mental\/\" rel=\"noopener\" target=\"_blank\">dar voz a la salud mental a trav\u00e9s de entrevistas con Carlos<\/a>, en las que hablaban sobre c\u00f3mo es la vida de una persona con un problema de salud mental y c\u00f3mo afecta el diagn\u00f3stico, las etiquetas y el peso del estigma a la vida cotidiana.<\/p>\n<p>En 2008, inspir\u00f3 la canci\u00f3n <strong>&#8216;Calor en invierno&#8217;<\/strong>, una pieza creada e interpretada por <strong>Teo Cardalda y Mar\u00eda Monson\u00eds, del grupo C\u00f3mplices<\/strong>, para la campa\u00f1a social &#8216;Racha co estigma&#8217;, que el d\u00fao interpret\u00f3 en <a href=\"https:\/\/elastic-antonelli.5-250-189-237.plesk.page\/sala-de-prensa\/premios-manantial-2016\/\" rel=\"noopener\" target=\"_blank\">la primera edici\u00f3n de los Premios Manantial<\/a>.<\/p>\n<p>&#8220;Estabas siempre dos pasos por delante de los dem\u00e1s. En generosidad, en detalles, en uso del lenguaje y las met\u00e1foras, <strong>en hacernos ver lo invisible para poder acercarnos con un poco m\u00e1s de humanidad y ternura a las personas que sufren alg\u00fan tipo de diagn\u00f3stico psiqui\u00e1trico<\/strong>&#8220;, escribe <strong>Ra\u00fal G\u00f3mez<\/strong>, director de los Recursos de Atenci\u00f3n Social de Fundaci\u00f3n Manantial <a href=\"https:\/\/elastic-antonelli.5-250-189-237.plesk.page\/querido-carlos-manas\/\" rel=\"noopener\" target=\"_blank\">en una carta dirigida a \u00e9l, que se puede leer completa en nuestro blog<\/a>.<\/p>\n","protected":false},"excerpt":{"rendered":"<p>El publicista, activista y escritor del libro \u201cMi cabeza me hace trampas\u201d, Carlos Ma\u00f1as, ha fallecido este domingo a los 57 a\u00f1os en Vigo. Ma\u00f1as ha sido un referente en la lucha por la visibilizaci\u00f3n de la bipolaridad, y un amigo y embajador de Fundaci\u00f3n Manantial, donde hemos tenido el placer de contar con su [&hellip;]<\/p>\n","protected":false},"author":1,"featured_media":3704,"comment_status":"closed","ping_status":"closed","sticky":false,"template":"","format":"standard","meta":{"_acf_changed":false,"give_campaign_id":0,"_seopress_robots_primary_cat":"","_seopress_titles_title":"","_seopress_titles_desc":"","_seopress_robots_index":"","footnotes":""},"categories":[34],"tags":[439,440,441,242,442,443,180,111,224],"class_list":["post-3703","post","type-post","status-publish","format-standard","has-post-thumbnail","hentry","category-noticias-fundacion-manantial","tag-bipolaridad","tag-carlos","tag-dep","tag-fundacionmanantial","tag-manas","tag-referente","tag-saludmental","tag-sensibilizacion","tag-visibilidad"],"acf":[],"_links":{"self":[{"href":"https:\/\/www.fundacionmanantial.org\/en\/wp-json\/wp\/v2\/posts\/3703","targetHints":{"allow":["GET"]}}],"collection":[{"href":"https:\/\/www.fundacionmanantial.org\/en\/wp-json\/wp\/v2\/posts"}],"about":[{"href":"https:\/\/www.fundacionmanantial.org\/en\/wp-json\/wp\/v2\/types\/post"}],"author":[{"embeddable":true,"href":"https:\/\/www.fundacionmanantial.org\/en\/wp-json\/wp\/v2\/users\/1"}],"replies":[{"embeddable":true,"href":"https:\/\/www.fundacionmanantial.org\/en\/wp-json\/wp\/v2\/comments?post=3703"}],"version-history":[{"count":0,"href":"https:\/\/www.fundacionmanantial.org\/en\/wp-json\/wp\/v2\/posts\/3703\/revisions"}],"wp:featuredmedia":[{"embeddable":true,"href":"https:\/\/www.fundacionmanantial.org\/en\/wp-json\/wp\/v2\/media\/3704"}],"wp:attachment":[{"href":"https:\/\/www.fundacionmanantial.org\/en\/wp-json\/wp\/v2\/media?parent=3703"}],"wp:term":[{"taxonomy":"category","embeddable":true,"href":"https:\/\/www.fundacionmanantial.org\/en\/wp-json\/wp\/v2\/categories?post=3703"},{"taxonomy":"post_tag","embeddable":true,"href":"https:\/\/www.fundacionmanantial.org\/en\/wp-json\/wp\/v2\/tags?post=3703"}],"curies":[{"name":"wp","href":"https:\/\/api.w.org\/{rel}","templated":true}]}}