{"id":3699,"date":"2023-01-16T10:26:50","date_gmt":"2023-01-16T09:26:50","guid":{"rendered":"https:\/\/www.fundacionmanantial.org\/la-consejeria-de-familia-juventud-y-politica-social-apoya-el-programa-casa-verde\/"},"modified":"2023-01-16T10:26:50","modified_gmt":"2023-01-16T09:26:50","slug":"la-consejeria-de-familia-juventud-y-politica-social-apoya-el-programa-casa-verde","status":"publish","type":"post","link":"https:\/\/www.fundacionmanantial.org\/en\/la-consejeria-de-familia-juventud-y-politica-social-apoya-el-programa-casa-verde\/","title":{"rendered":"La Consejer\u00eda de Familia, Juventud y Pol\u00edtica Social apoya el programa Casa Verde"},"content":{"rendered":"<p>La <a href=\"https:\/\/www.comunidad.madrid\/transparencia\/unidad-organizativa-responsable\/consejeria-familia-juventud-y-politica-social\" rel=\"noopener\" target=\"_blank\">Consejer\u00eda de Familia, Juventud y Pol\u00edtica Social<\/a> colabora con el <strong>programa de prevenci\u00f3n Casa Verde<\/strong> de Fundaci\u00f3n Manantial, a trav\u00e9s de la <strong>subvenci\u00f3n que destina a la realizaci\u00f3n de proyectos de inter\u00e9s general para atender a fines de inter\u00e9s social<\/strong>, con cargo al 0,7 por 100 del rendimiento del Impuesto sobre la Renta de las Personas F\u00edsicas.<\/p>\n<p>Esta subvenci\u00f3n est\u00e1 dirigida a c<strong>ubrir las necesidades de asistencia social de las personas en situaci\u00f3n de pobreza o exclusi\u00f3n social o que se encuentren en otras situaciones de especial vulnerabilidad en el \u00e1mbito de la Comunidad de Madrid.<\/strong><\/p>\n<p><a href=\"https:\/\/elastic-antonelli.5-250-189-237.plesk.page\/casa-verde\/\" rel=\"noopener\" target=\"_blank\"><strong>Casa Verde<\/strong><\/a> es un programa de apoyo, prevenci\u00f3n y seguimiento para hijos e hijas de personas con problemas de salud mental de Fundaci\u00f3n Manantial, una iniciativa que <strong>apuesta por el derecho de las mujeres con problemas de salud mental a ejercer la maternidad con los apoyos profesionales necesarios<\/strong>. Su objetivo es compensar los posibles d\u00e9ficits durante la crianza y procurarles una mejor calidad de vida al prevenir las situaciones de riesgo de alg\u00fan trastorno mental y\/o de conducta a lo largo de su desarrollo.<\/p>\n","protected":false},"excerpt":{"rendered":"<p>La Consejer\u00eda de Familia, Juventud y Pol\u00edtica Social colabora con el programa de prevenci\u00f3n Casa Verde de Fundaci\u00f3n Manantial, a trav\u00e9s de la subvenci\u00f3n que destina a la realizaci\u00f3n de proyectos de inter\u00e9s general para atender a fines de inter\u00e9s social, con cargo al 0,7 por 100 del rendimiento del Impuesto sobre la Renta de [&hellip;]<\/p>\n","protected":false},"author":1,"featured_media":3700,"comment_status":"closed","ping_status":"closed","sticky":false,"template":"","format":"standard","meta":{"_acf_changed":false,"give_campaign_id":0,"_seopress_robots_primary_cat":"","_seopress_titles_title":"","_seopress_titles_desc":"","_seopress_robots_index":"","footnotes":""},"categories":[34],"tags":[174,98,435,100,65,101],"class_list":["post-3699","post","type-post","status-publish","format-standard","has-post-thumbnail","hentry","category-noticias-fundacion-manantial","tag-casa-verde","tag-infancia","tag-menores","tag-prevencion","tag-salud-mental","tag-subvencion"],"acf":[],"_links":{"self":[{"href":"https:\/\/www.fundacionmanantial.org\/en\/wp-json\/wp\/v2\/posts\/3699","targetHints":{"allow":["GET"]}}],"collection":[{"href":"https:\/\/www.fundacionmanantial.org\/en\/wp-json\/wp\/v2\/posts"}],"about":[{"href":"https:\/\/www.fundacionmanantial.org\/en\/wp-json\/wp\/v2\/types\/post"}],"author":[{"embeddable":true,"href":"https:\/\/www.fundacionmanantial.org\/en\/wp-json\/wp\/v2\/users\/1"}],"replies":[{"embeddable":true,"href":"https:\/\/www.fundacionmanantial.org\/en\/wp-json\/wp\/v2\/comments?post=3699"}],"version-history":[{"count":0,"href":"https:\/\/www.fundacionmanantial.org\/en\/wp-json\/wp\/v2\/posts\/3699\/revisions"}],"wp:featuredmedia":[{"embeddable":true,"href":"https:\/\/www.fundacionmanantial.org\/en\/wp-json\/wp\/v2\/media\/3700"}],"wp:attachment":[{"href":"https:\/\/www.fundacionmanantial.org\/en\/wp-json\/wp\/v2\/media?parent=3699"}],"wp:term":[{"taxonomy":"category","embeddable":true,"href":"https:\/\/www.fundacionmanantial.org\/en\/wp-json\/wp\/v2\/categories?post=3699"},{"taxonomy":"post_tag","embeddable":true,"href":"https:\/\/www.fundacionmanantial.org\/en\/wp-json\/wp\/v2\/tags?post=3699"}],"curies":[{"name":"wp","href":"https:\/\/api.w.org\/{rel}","templated":true}]}}