{"id":3697,"date":"2023-03-03T11:44:32","date_gmt":"2023-03-03T10:44:32","guid":{"rendered":"https:\/\/www.fundacionmanantial.org\/fundacion-manantial-comprometida-con-el-desarrollo-sostenible-a-traves-la-agenda-2030-y-el-pacto-mundial-de-la-onu\/"},"modified":"2023-03-03T11:44:32","modified_gmt":"2023-03-03T10:44:32","slug":"fundacion-manantial-comprometida-con-el-desarrollo-sostenible-a-traves-la-agenda-2030-y-el-pacto-mundial-de-la-onu","status":"publish","type":"post","link":"https:\/\/www.fundacionmanantial.org\/en\/fundacion-manantial-comprometida-con-el-desarrollo-sostenible-a-traves-la-agenda-2030-y-el-pacto-mundial-de-la-onu\/","title":{"rendered":"Fundaci\u00f3n Manantial, comprometida con el Desarrollo Sostenible a trav\u00e9s la Agenda 2030 y el Pacto Mundial de la ONU"},"content":{"rendered":"<p>La <strong><a href=\"https:\/\/www.un.org\/sustainabledevelopment\/es\/development-agenda\/\" rel=\"noopener\" target=\"_blank\">Agenda 2030 para el Desarrollo Sostenible<\/a><\/strong> es un plan de <strong>acci\u00f3n a favor de las personas, el planeta y la prosperidad, que tambi\u00e9n tiene la intenci\u00f3n de fortalecer la paz universal y el acceso a la justicia<\/strong>. Esta Agenda plantea <strong>17 objetivos con 169 metas<\/strong> de car\u00e1cter integrado e indivisible que abarcan las esferas econ\u00f3mica, social y ambiental. Al adoptarla, los Estados se comprometieron a movilizar los medios necesarios para su implementaci\u00f3n mediante alianzas, centradas especialmente en las necesidades de las personas m\u00e1s pobres y vulnerables.<\/p>\n<p>Fundaci\u00f3n Manantial quiere estar alineada desde su estrategia institucional con estos <a href=\"https:\/\/www.un.org\/sustainabledevelopment\/es\/\" rel=\"noopener\" target=\"_blank\">Objetivos de Desarrollo Sostenible<\/a> (ODS). Para ello, se ha adherido como empresa al <a href=\"https:\/\/www.pactomundial.org\/\" rel=\"noopener\" target=\"_blank\"><strong>Pacto Mundial de la ONU<\/strong><\/a>, la mayor iniciativa mundial en <strong>sostenibilidad empresarial<\/strong>. Adem\u00e1s, durante este 2023 realizar\u00e1 un proceso de diagn\u00f3stico y promoci\u00f3n de estos objetivos en todos sus centros, programas y servicios de la Comunidad de Madrid y la Comunidad Valenciana, realizando acciones y tomando medidas con las que <strong>contribuir a un mundo m\u00e1s sostenible<\/strong> y buscar un impacto colectivo capaz de acelerar el camino hacia <strong>un planeta y una sociedad m\u00e1s pr\u00f3spera e inclusiva.<\/strong><\/p>\n","protected":false},"excerpt":{"rendered":"<p>La Agenda 2030 para el Desarrollo Sostenible es un plan de acci\u00f3n a favor de las personas, el planeta y la prosperidad, que tambi\u00e9n tiene la intenci\u00f3n de fortalecer la paz universal y el acceso a la justicia. Esta Agenda plantea 17 objetivos con 169 metas de car\u00e1cter integrado e indivisible que abarcan las esferas [&hellip;]<\/p>\n","protected":false},"author":1,"featured_media":3698,"comment_status":"closed","ping_status":"closed","sticky":false,"template":"","format":"standard","meta":{"_acf_changed":false,"give_campaign_id":0,"_seopress_robots_primary_cat":"","_seopress_titles_title":"","_seopress_titles_desc":"","_seopress_robots_index":"","footnotes":""},"categories":[34],"tags":[60,431,85,61,432,433,65,116,434],"class_list":["post-3697","post","type-post","status-publish","format-standard","has-post-thumbnail","hentry","category-noticias-fundacion-manantial","tag-empleo","tag-empresassostenibles","tag-fundacion-manantial","tag-inclusion","tag-ods","tag-pactomundial","tag-salud-mental","tag-sostenibilidad","tag-sostenible"],"acf":[],"_links":{"self":[{"href":"https:\/\/www.fundacionmanantial.org\/en\/wp-json\/wp\/v2\/posts\/3697","targetHints":{"allow":["GET"]}}],"collection":[{"href":"https:\/\/www.fundacionmanantial.org\/en\/wp-json\/wp\/v2\/posts"}],"about":[{"href":"https:\/\/www.fundacionmanantial.org\/en\/wp-json\/wp\/v2\/types\/post"}],"author":[{"embeddable":true,"href":"https:\/\/www.fundacionmanantial.org\/en\/wp-json\/wp\/v2\/users\/1"}],"replies":[{"embeddable":true,"href":"https:\/\/www.fundacionmanantial.org\/en\/wp-json\/wp\/v2\/comments?post=3697"}],"version-history":[{"count":0,"href":"https:\/\/www.fundacionmanantial.org\/en\/wp-json\/wp\/v2\/posts\/3697\/revisions"}],"wp:featuredmedia":[{"embeddable":true,"href":"https:\/\/www.fundacionmanantial.org\/en\/wp-json\/wp\/v2\/media\/3698"}],"wp:attachment":[{"href":"https:\/\/www.fundacionmanantial.org\/en\/wp-json\/wp\/v2\/media?parent=3697"}],"wp:term":[{"taxonomy":"category","embeddable":true,"href":"https:\/\/www.fundacionmanantial.org\/en\/wp-json\/wp\/v2\/categories?post=3697"},{"taxonomy":"post_tag","embeddable":true,"href":"https:\/\/www.fundacionmanantial.org\/en\/wp-json\/wp\/v2\/tags?post=3697"}],"curies":[{"name":"wp","href":"https:\/\/api.w.org\/{rel}","templated":true}]}}