{"id":3695,"date":"2023-03-03T08:17:56","date_gmt":"2023-03-03T07:17:56","guid":{"rendered":"https:\/\/www.fundacionmanantial.org\/la-inclusion-aliada-de-la-excelencia-en-la-industria-farma-manantial-integra-farma-en-farmaespana-industria\/"},"modified":"2023-03-03T08:17:56","modified_gmt":"2023-03-03T07:17:56","slug":"la-inclusion-aliada-de-la-excelencia-en-la-industria-farma-manantial-integra-farma-en-farmaespana-industria","status":"publish","type":"post","link":"https:\/\/www.fundacionmanantial.org\/en\/la-inclusion-aliada-de-la-excelencia-en-la-industria-farma-manantial-integra-farma-en-farmaespana-industria\/","title":{"rendered":"&#8220;La inclusi\u00f3n, aliada de la excelencia en la industria farma&#8221; &#8211; Manantial Integra Farma en Farmaespa\u00f1a Industria"},"content":{"rendered":"<p>La <a href=\"https:\/\/www.farmaindustrial.com\/digital-versions\/magazines\/pdf\/104\/38\/index.html\" rel=\"noopener\" target=\"_blank\"><strong>Revista <em>Farmaespa\u00f1a Industria<\/em><\/strong><\/a> ha publicado en su \u00faltimo n\u00famero el art\u00edculo &#8220;<strong>La inclusi\u00f3n, aliada de la excelencia en la industria farma<\/strong>&#8220;, escrito por <a href=\"https:\/\/es.linkedin.com\/in\/fernando-de-gracia-arjona-68360a1b6\" rel=\"noopener\" target=\"_blank\">Fernando de Gracia<\/a>, director de Manantial Integra Farma, sobre la importancia de contratar los servicios del Centro Especial de Empleo para la <strong>inclusi\u00f3n laboral de personas con problemas de salud mental<\/strong> y las opciones que ofrece a las empresas para <strong>cumplir con la Ley General de Discapacidad<\/strong>.<\/p>\n<p><a href=\"https:\/\/farma.manantialintegra.org\/\" rel=\"noopener\" target=\"_blank\">Manantial Integra Farma<\/a> es uno de los <strong>proyectos de creaci\u00f3n de empleo de Fundaci\u00f3n Manantial<\/strong> para promover la inclusi\u00f3n laboral de las personas con problemas de salud mental que naci\u00f3 hace ya 15 a\u00f1os. Farma es un laboratorio farmac\u00e9utico autorizado por la Agencia Espa\u00f1ola del Medicamento para el acondicionamiento secundario y almacenamiento de productos farmac\u00e9uticos. Cuenta con 11 l\u00edneas de acondicionamiento, una m\u00e1xima flexibilidad y una gran capacidad de reacci\u00f3n ante situaciones imprevistas, que le ha situado en los \u00faltimos a\u00f1os como <strong>empresa l\u00edder en el sector de manipulados y acondicionamiento de cualquier producto o presentaci\u00f3n para el mercado farmac\u00e9utico en Espa\u00f1a<\/strong>. Y todo ello, con el valor a\u00f1adido de ser un proyecto social que <strong>fomenta la inclusi\u00f3n laboral de un colectivo cuya tasa de desempleo alcanza el 83 %<\/strong>.<\/p>\n<p>La contrataci\u00f3n de los servicios de un Centro Especial de Empleo supone una pr\u00e1ctica de <strong>Responsabilidad Social<\/strong> para las empresas en un momento en el que la salud mental est\u00e1 en el centro del debate. Asimismo, se trata de una de las v\u00edas para el <strong>cumplimiento de las medidas alternativas al cumplimiento de la Ley General de Derechos de las Personas con Discapacidad<\/strong> y su inclusi\u00f3n social. Esta norma establece que <strong>todas las empresas de m\u00e1s de 50 trabajadores\/as tienen la obligaci\u00f3n de incorporar en su plantilla al menos a un 2% de personas con discapacidad.<\/strong> Existe una tercera v\u00eda que permite a la compa\u00f1\u00eda un retorno de esa inversi\u00f3n, que es <strong>contratar a un Centro Especial de Empleo para la realizaci\u00f3n de servicios que guarden relaci\u00f3n con su actividad<\/strong>. \u00c9sta es, precisamente, la opci\u00f3n que ofrece Manantial Integra Farma. <\/p>\n<p>&#8220;En algunos casos, las empresas optan por contar con un equipo de trabajadores del centro especial de empleo en sus instalaciones, pasando a formar parte de sus equipos profesionales y a desempe\u00f1ar las funciones que les sean asignadas, aunque contratados por el centro especial de empleo. Es una f\u00f3rmula, denominada <strong>enclave laboral<\/strong>, con la que tambi\u00e9n trabajamos, con muy buenos resultados&#8221;.<\/p>\n<p>&#8220;Cada proyecto que llevamos a cabo con nuestros clientes es una muestra de que la industria farmac\u00e9utica constituye uno de los sectores clave a escala global en el reto de lograr que los <strong><a href=\"https:\/\/www.un.org\/sustainabledevelopment\/es\/objetivos-de-desarrollo-sostenible\/\" rel=\"noopener\" target=\"_blank\">Objetivos de Desarrollo Sostenible<\/a><\/strong> fijados por Naciones Unidas sean<br \/>\nuna realidad en 2030&#8243;, explica Fernando. &#8220;De acuerdo con la industria farmac\u00e9utica, <strong>los objetivos de salud y bienestar, igualdad, trabajo decente y crecimiento econ\u00f3mico, adem\u00e1s de innovaci\u00f3n, producci\u00f3n y consumo responsables y alianzas para lograr sus objetivos est\u00e1n entre sus prioridades.<\/strong> Desde Manantial Integra Farma les ofrecemos una alternativa para avanzar en este camino&#8221;.<\/p>\n<p><a href=\"https:\/\/www.farmaindustrial.com\/digital-versions\/magazines\/pdf\/104\/38\/index.html\" rel=\"noopener\" target=\"_blank\">Leer el reportaje completo<\/a><\/p>\n","protected":false},"excerpt":{"rendered":"<p>La Revista Farmaespa\u00f1a Industria ha publicado en su \u00faltimo n\u00famero el art\u00edculo &#8220;La inclusi\u00f3n, aliada de la excelencia en la industria farma&#8220;, escrito por Fernando de Gracia, director de Manantial Integra Farma, sobre la importancia de contratar los servicios del Centro Especial de Empleo para la inclusi\u00f3n laboral de personas con problemas de salud mental [&hellip;]<\/p>\n","protected":false},"author":1,"featured_media":3696,"comment_status":"closed","ping_status":"closed","sticky":false,"template":"","format":"standard","meta":{"_acf_changed":false,"give_campaign_id":0,"_seopress_robots_primary_cat":"","_seopress_titles_title":"","_seopress_titles_desc":"","_seopress_robots_index":"","footnotes":""},"categories":[34],"tags":[60,298,132,85,61,63,415,65],"class_list":["post-3695","post","type-post","status-publish","format-standard","has-post-thumbnail","hentry","category-noticias-fundacion-manantial","tag-empleo","tag-espana","tag-farma","tag-fundacion-manantial","tag-inclusion","tag-laboral","tag-ley-general-discapacidad","tag-salud-mental"],"acf":[],"_links":{"self":[{"href":"https:\/\/www.fundacionmanantial.org\/en\/wp-json\/wp\/v2\/posts\/3695","targetHints":{"allow":["GET"]}}],"collection":[{"href":"https:\/\/www.fundacionmanantial.org\/en\/wp-json\/wp\/v2\/posts"}],"about":[{"href":"https:\/\/www.fundacionmanantial.org\/en\/wp-json\/wp\/v2\/types\/post"}],"author":[{"embeddable":true,"href":"https:\/\/www.fundacionmanantial.org\/en\/wp-json\/wp\/v2\/users\/1"}],"replies":[{"embeddable":true,"href":"https:\/\/www.fundacionmanantial.org\/en\/wp-json\/wp\/v2\/comments?post=3695"}],"version-history":[{"count":0,"href":"https:\/\/www.fundacionmanantial.org\/en\/wp-json\/wp\/v2\/posts\/3695\/revisions"}],"wp:featuredmedia":[{"embeddable":true,"href":"https:\/\/www.fundacionmanantial.org\/en\/wp-json\/wp\/v2\/media\/3696"}],"wp:attachment":[{"href":"https:\/\/www.fundacionmanantial.org\/en\/wp-json\/wp\/v2\/media?parent=3695"}],"wp:term":[{"taxonomy":"category","embeddable":true,"href":"https:\/\/www.fundacionmanantial.org\/en\/wp-json\/wp\/v2\/categories?post=3695"},{"taxonomy":"post_tag","embeddable":true,"href":"https:\/\/www.fundacionmanantial.org\/en\/wp-json\/wp\/v2\/tags?post=3695"}],"curies":[{"name":"wp","href":"https:\/\/api.w.org\/{rel}","templated":true}]}}