{"id":3693,"date":"2023-03-10T08:26:11","date_gmt":"2023-03-10T07:26:11","guid":{"rendered":"https:\/\/www.fundacionmanantial.org\/fundacion-manantial-presenta-el-cuaderno-tecnico-pildoras-para-el-mejor-apoyo\/"},"modified":"2023-03-10T08:26:11","modified_gmt":"2023-03-10T07:26:11","slug":"fundacion-manantial-presenta-el-cuaderno-tecnico-pildoras-para-el-mejor-apoyo","status":"publish","type":"post","link":"https:\/\/www.fundacionmanantial.org\/en\/fundacion-manantial-presenta-el-cuaderno-tecnico-pildoras-para-el-mejor-apoyo\/","title":{"rendered":"Fundaci\u00f3n Manantial presenta el Cuaderno t\u00e9cnico &#8220;P\u00edldoras para el mejor apoyo&#8221;"},"content":{"rendered":"<p>Hace apenas m\u00e1s de un a\u00f1o que <strong>entr\u00f3 en vigor la ley 8\/2021<\/strong>. Una norma que\u00a0ha <strong>modificado profundamente el C\u00f3digo Civil<\/strong>, en relaci\u00f3n con el <strong>tratamiento\u00a0jur\u00eddico<\/strong> que hist\u00f3ricamente han tenido una parte de quienes hoy consideramos\u00a0de forma gen\u00e9rica como <strong>personas con discapacidad<\/strong>.<\/p>\n<p>Este hecho, puramente temporal, nos anima a escribir <strong>este cuaderno t\u00e9cnico<\/strong>, pero tambi\u00e9n\u00a0nos obliga a ser prudentes.\u00a0Nos anima l<strong>a experiencia de Fundaci\u00f3n Manantial en la atenci\u00f3n integral\u00a0a las personas con problemas de salud mental desde hace veintiocho a\u00f1os.<\/strong><\/p>\n<p>Modestamente y en un ejercicio de transparencia, pensamos que puede servir\u00a0de auxilio en la <strong>interpretaci\u00f3n de c\u00f3mo abordar determinadas intervenciones\u00a0previstas en la nueva normativa.<\/strong>\u00a0Nos obliga a ser prudentes, la inexperiencia en la aplicaci\u00f3n de un sistema de reglas\u00a0y principios in\u00e9dito, nacional e internacionalmente, y con un sistema de aplicaci\u00f3n\u00a0por parte de los operadores jur\u00eddicos que actualmente dista mucho de ser uniforme\u00a0o consensuado.<\/p>\n<p>Por ambas razones, nos ha parecido m\u00e1s razonable pensar en <strong>este trabajo como un\u00a0espacio de observaci\u00f3n, deliberaci\u00f3n y reflexi\u00f3n y recoger nuestra experiencia en una\u00a0especie de \u201ccuaderno de campo\u201d<\/strong>, formado por un conjunto de fichas que, tras nacer,\u00a0crecer\u00e1n, enriqueci\u00e9ndolas con las novedades doctrinales o jurisprudenciales que se\u00a0ir\u00e1n incorporando o con las buenas pr\u00e1cticas que se hayan implantado en nuestra\u00a0entidad o en otras, p\u00fablicas o privadas, una vez empiecen a demostrar su utilidad.<\/p>\n<p>El <strong>30 de marzo a las 10:00 h<\/strong> se celebrar\u00e1 una <strong>jornada de presentaci\u00f3n de este Cuaderno t\u00e9cnico &#8220;P\u00edldoras para el mejor apoyo&#8221;<\/strong> en la sede de Fundaci\u00f3n Manantial en Madrid (Calle Poeta Esteban de Villegas, 12). <\/p>\n<p>La jornada contar\u00e1 con la intervenci\u00f3n de <strong>Elena Biurrun<\/strong>, directora general de Fundaci\u00f3n Manantial;\u00a0<strong>Javier Pallar\u00e9s<\/strong>, director del Servicio de Apoyo a la Capacidad Jur\u00eddica;\u00a0<strong>B\u00e1rbara Cuesta<\/strong>, voluntaria en la Federaci\u00f3n de Salud Mental Madrid; <strong>Marta Oliver<\/strong>, ingeniera t\u00e9cnica forestal, licenciada en Ciencias Ambientales y experiencia en primera persona; <strong>Margarita Gonz\u00e1lez<\/strong>, jefa de servicio de Coordinaci\u00f3n Social de la Agencia Madrile\u00f1a para el Apoyo a las Personas Adultas con Discapacidad (AMAPAD); <strong>\u00c1lvaro Mart\u00edn-Moreno<\/strong>, director de la Fundaci\u00f3n Kyrios de Apoyo Personal; <strong>Marta Sunyer<\/strong>, gerente de la Fundaci\u00f3n Tutelar de Madrid para Personas con Discapacidad Intelectual; <strong>Paloma Chaminade<\/strong>, coordinadora de Aldaba Contigo, y <strong>M\u00aa Cristina Molinero<\/strong>, coordinadora del Servicio de Apoyo a la Capacidad Jur\u00eddica de Fundaci\u00f3n Manantial. Los participantes hablar\u00e1n sobre <strong>el nuevo sistema de apoyo en salud mental y la atenci\u00f3n social en este nuevo sistema<\/strong>.<\/p>\n<p>&nbsp;<\/p>\n<div>\n<strong><a class=\"btn btn-primary\" href=\"https:\/\/elastic-antonelli.5-250-189-237.plesk.page\/\/wp-content\/uploads\/2023\/03\/Presentacion-cuaderno-tecnico-fundacion-manantial.pdf\" target=\"_blank\" rel=\"noopener\">Ver el programa completo<\/a><\/strong><\/p>\n<p>&nbsp;<\/p>\n<div>\n<strong><a class=\"btn btn-primary\" href=\"https:\/\/iframe.deporticket.com\/web-formulario\/20909-inscripcion\" target=\"_blank\" rel=\"noopener\">Inscripci\u00f3n presencial a la presentaci\u00f3n<\/a><\/strong><br \/>\n&nbsp;<\/p>\n<div>\n<p><strong><a class=\"btn btn-primary\" href=\"https:\/\/youtube.com\/live\/rgnBzJzKvyQ?feature=share\" target=\"_blank\" rel=\"noopener\">Seguir en streaming<\/a><\/strong><\/p>\n","protected":false},"excerpt":{"rendered":"<p>Hace apenas m\u00e1s de un a\u00f1o que entr\u00f3 en vigor la ley 8\/2021. Una norma que\u00a0ha modificado profundamente el C\u00f3digo Civil, en relaci\u00f3n con el tratamiento\u00a0jur\u00eddico que hist\u00f3ricamente han tenido una parte de quienes hoy consideramos\u00a0de forma gen\u00e9rica como personas con discapacidad. Este hecho, puramente temporal, nos anima a escribir este cuaderno t\u00e9cnico, pero tambi\u00e9n\u00a0nos [&hellip;]<\/p>\n","protected":false},"author":1,"featured_media":3694,"comment_status":"closed","ping_status":"closed","sticky":false,"template":"","format":"standard","meta":{"_acf_changed":false,"give_campaign_id":0,"_seopress_robots_primary_cat":"","_seopress_titles_title":"","_seopress_titles_desc":"","_seopress_robots_index":"","footnotes":""},"categories":[34],"tags":[426,427,140,428,429,430,85,213,176],"class_list":["post-3693","post","type-post","status-publish","format-standard","has-post-thumbnail","hentry","category-noticias-fundacion-manantial","tag-amapad","tag-amta","tag-apoyo","tag-buenas-practicas","tag-cuaderno","tag-en-primera-persona","tag-fundacion-manantial","tag-ley","tag-tutela"],"acf":[],"_links":{"self":[{"href":"https:\/\/www.fundacionmanantial.org\/en\/wp-json\/wp\/v2\/posts\/3693","targetHints":{"allow":["GET"]}}],"collection":[{"href":"https:\/\/www.fundacionmanantial.org\/en\/wp-json\/wp\/v2\/posts"}],"about":[{"href":"https:\/\/www.fundacionmanantial.org\/en\/wp-json\/wp\/v2\/types\/post"}],"author":[{"embeddable":true,"href":"https:\/\/www.fundacionmanantial.org\/en\/wp-json\/wp\/v2\/users\/1"}],"replies":[{"embeddable":true,"href":"https:\/\/www.fundacionmanantial.org\/en\/wp-json\/wp\/v2\/comments?post=3693"}],"version-history":[{"count":0,"href":"https:\/\/www.fundacionmanantial.org\/en\/wp-json\/wp\/v2\/posts\/3693\/revisions"}],"wp:featuredmedia":[{"embeddable":true,"href":"https:\/\/www.fundacionmanantial.org\/en\/wp-json\/wp\/v2\/media\/3694"}],"wp:attachment":[{"href":"https:\/\/www.fundacionmanantial.org\/en\/wp-json\/wp\/v2\/media?parent=3693"}],"wp:term":[{"taxonomy":"category","embeddable":true,"href":"https:\/\/www.fundacionmanantial.org\/en\/wp-json\/wp\/v2\/categories?post=3693"},{"taxonomy":"post_tag","embeddable":true,"href":"https:\/\/www.fundacionmanantial.org\/en\/wp-json\/wp\/v2\/tags?post=3693"}],"curies":[{"name":"wp","href":"https:\/\/api.w.org\/{rel}","templated":true}]}}