{"id":3691,"date":"2023-02-24T13:07:16","date_gmt":"2023-02-24T12:07:16","guid":{"rendered":"https:\/\/www.fundacionmanantial.org\/fundacion-manantial-y-fundacion-adecco-colaboran-para-mejorar-las-oportunidades-de-inclusion-laboral-de-las-mujeres-con-problemas-de-salud-mental\/"},"modified":"2023-02-24T13:07:16","modified_gmt":"2023-02-24T12:07:16","slug":"fundacion-manantial-y-fundacion-adecco-colaboran-para-mejorar-las-oportunidades-de-inclusion-laboral-de-las-mujeres-con-problemas-de-salud-mental","status":"publish","type":"post","link":"https:\/\/www.fundacionmanantial.org\/en\/fundacion-manantial-y-fundacion-adecco-colaboran-para-mejorar-las-oportunidades-de-inclusion-laboral-de-las-mujeres-con-problemas-de-salud-mental\/","title":{"rendered":"Fundaci\u00f3n Manantial y Fundaci\u00f3n Adecco colaboran para mejorar las oportunidades de inclusi\u00f3n laboral de las mujeres con problemas de salud mental"},"content":{"rendered":"<p><strong>Fundaci\u00f3n Manantial<\/strong> y la <a href=\"https:\/\/fundacionadecco.org\/\" rel=\"noopener\" target=\"_blank\"><strong>Fundaci\u00f3n Adecco<\/strong><\/a> han firmado un acuerdo de colaboraci\u00f3n con el que <strong>mejorar la empleabilidad de las personas con problemas de salud mental. <\/strong><\/p>\n<p>A trav\u00e9s de este acuerdo, Fundaci\u00f3n Manantial <strong>cede el uso de su Centro de Formaci\u00f3n para que Fundaci\u00f3n Adecco imparta un curso de \u201cGesti\u00f3n de almac\u00e9n\u201d<\/strong>, una <strong>formaci\u00f3n dirigida exclusivamente a mujeres con problemas de salud mental para fomentar su inclusi\u00f3n laboral.<\/strong> Este curso, de tres semanas de duraci\u00f3n, habilitar\u00e1 profesionalmente en el sector log\u00edstico en los m\u00f3dulos de gesti\u00f3n de almac\u00e9n, caja y reposici\u00f3n, carnet de carretillas y manipulador de alimentos.<\/p>\n<p>Las mujeres que finalicen el curso acceder\u00e1n a 3 meses de <strong>pr\u00e1cticas remuneradas en empresas<\/strong>. Al finalizar ese periodo, se realizar\u00e1 una <strong>intermediaci\u00f3n con empresas del sector log\u00edstico<\/strong> para la campa\u00f1a de verano.<\/p>\n<p><strong>Crear red y sinergias con otras entidades del \u00e1mbito social es uno de los objetivos de Fundaci\u00f3n Manantial para favorecer la inclusi\u00f3n sociolaboral.<\/strong><\/p>\n","protected":false},"excerpt":{"rendered":"<p>Fundaci\u00f3n Manantial y la Fundaci\u00f3n Adecco han firmado un acuerdo de colaboraci\u00f3n con el que mejorar la empleabilidad de las personas con problemas de salud mental. A trav\u00e9s de este acuerdo, Fundaci\u00f3n Manantial cede el uso de su Centro de Formaci\u00f3n para que Fundaci\u00f3n Adecco imparta un curso de \u201cGesti\u00f3n de almac\u00e9n\u201d, una formaci\u00f3n dirigida [&hellip;]<\/p>\n","protected":false},"author":1,"featured_media":3692,"comment_status":"closed","ping_status":"closed","sticky":false,"template":"","format":"standard","meta":{"_acf_changed":false,"give_campaign_id":0,"_seopress_robots_primary_cat":"","_seopress_titles_title":"","_seopress_titles_desc":"","_seopress_robots_index":"","footnotes":""},"categories":[34],"tags":[362,60,84,85,61,192,180,425,254],"class_list":["post-3691","post","type-post","status-publish","format-standard","has-post-thumbnail","hentry","category-noticias-fundacion-manantial","tag-adecco","tag-empleo","tag-formacion","tag-fundacion-manantial","tag-inclusion","tag-red","tag-saludmental","tag-sinergias","tag-social"],"acf":[],"_links":{"self":[{"href":"https:\/\/www.fundacionmanantial.org\/en\/wp-json\/wp\/v2\/posts\/3691","targetHints":{"allow":["GET"]}}],"collection":[{"href":"https:\/\/www.fundacionmanantial.org\/en\/wp-json\/wp\/v2\/posts"}],"about":[{"href":"https:\/\/www.fundacionmanantial.org\/en\/wp-json\/wp\/v2\/types\/post"}],"author":[{"embeddable":true,"href":"https:\/\/www.fundacionmanantial.org\/en\/wp-json\/wp\/v2\/users\/1"}],"replies":[{"embeddable":true,"href":"https:\/\/www.fundacionmanantial.org\/en\/wp-json\/wp\/v2\/comments?post=3691"}],"version-history":[{"count":0,"href":"https:\/\/www.fundacionmanantial.org\/en\/wp-json\/wp\/v2\/posts\/3691\/revisions"}],"wp:featuredmedia":[{"embeddable":true,"href":"https:\/\/www.fundacionmanantial.org\/en\/wp-json\/wp\/v2\/media\/3692"}],"wp:attachment":[{"href":"https:\/\/www.fundacionmanantial.org\/en\/wp-json\/wp\/v2\/media?parent=3691"}],"wp:term":[{"taxonomy":"category","embeddable":true,"href":"https:\/\/www.fundacionmanantial.org\/en\/wp-json\/wp\/v2\/categories?post=3691"},{"taxonomy":"post_tag","embeddable":true,"href":"https:\/\/www.fundacionmanantial.org\/en\/wp-json\/wp\/v2\/tags?post=3691"}],"curies":[{"name":"wp","href":"https:\/\/api.w.org\/{rel}","templated":true}]}}