{"id":3689,"date":"2023-02-22T13:02:06","date_gmt":"2023-02-22T12:02:06","guid":{"rendered":"https:\/\/www.fundacionmanantial.org\/mujer-salud-mental-y-prision-el-triple-estigma\/"},"modified":"2023-02-22T13:02:06","modified_gmt":"2023-02-22T12:02:06","slug":"mujer-salud-mental-y-prision-el-triple-estigma","status":"publish","type":"post","link":"https:\/\/www.fundacionmanantial.org\/en\/mujer-salud-mental-y-prision-el-triple-estigma\/","title":{"rendered":"Mujer, salud mental y prisi\u00f3n: el triple estigma"},"content":{"rendered":"<p>Seg\u00fan los \u00faltimos datos aportados por la Secretar\u00eda General de Instituciones Penitenciarias, <strong>las mujeres suponen el 7,4% de la poblaci\u00f3n total en prisi\u00f3n.<\/strong> Estos datos demuestran que <strong>el peso poblacional en los centros penitenciarios es claramente masculino. <\/strong>Es una realidad que la instituci\u00f3n, desde su creaci\u00f3n arquitect\u00f3nica, equipamiento, normativa, lenguaje, servicios o programas <strong>tiene un claro sesgo de g\u00e9nero que puede suponer una discriminaci\u00f3n en la atenci\u00f3n a dicha parte de la poblaci\u00f3n penitenciaria.<\/strong><\/p>\n<p><strong>Las mujeres no solo sufren el estigma asociado a estar en prisi\u00f3n y a tener problemas de salud mental, adem\u00e1s tienen menor acceso a programas adecuados<\/strong> a su patolog\u00eda. <strong>Tan solo tres de cada diez mujeres participan en programas de tratamiento espec\u00edficos<\/strong>, tal y como se advierte en el Informe del a\u00f1o 2019 de Instituciones Penitenciarias.<\/p>\n<p>Estas conclusiones se desprenden de la <strong>jornada \u201cLa atenci\u00f3n a la salud mental de las mujeres en el medio penitenciario\u201d<\/strong> que Fundaci\u00f3n Manantial ha organizado hoy en el <strong>Centro Penitenciario Madrid I, Alcal\u00e1-Meco Mujeres<\/strong>, en colaboraci\u00f3n con la <a href=\"https:\/\/www.interior.gob.es\/opencms\/es\/el-ministerio\/funciones-y-estructura\/secretaria-general-de-instituciones-penitenciarias\/\" rel=\"noopener\" target=\"_blank\">Secretar\u00eda General de Instituciones Penitenciarias<\/a> y el <a href=\"https:\/\/www.cej-mjusticia.es\/\" rel=\"noopener\" target=\"_blank\">Centro de Estudios Jur\u00eddicos<\/a>, perteneciente al Ministerio de Justicia. \u201cSi bien existen programas p\u00fablicos de atenci\u00f3n a personas diagnosticadas de un trastorno mental grave, como el programa <a href=\"http:\/\/scielo.isciii.es\/scielo.php?script=sci_arttext&#038;pid=S1575-06202014000300005\" rel=\"noopener\" target=\"_blank\">PAIEM<\/a>, y de atenci\u00f3n a la violencia de g\u00e9nero de las mujeres privadas de libertad, como el <a href=\"https:\/\/www.diariodesevilla.es\/juzgado_de_guardia\/actualidad\/Sermujeres-Alcala-Guadaira-Premio-Menina_0_1522948071.html\" rel=\"noopener\" target=\"_blank\">programa SerMujer<\/a>, creemos necesario reforzarlos con un programa trasversal espec\u00edficamente dirigido a mujeres diagnosticadas de un problema de salud mental privadas de libertad, como pretendemos con la <strong>puesta en marcha del programa AEQUUS<\/strong>\u201d afirma <strong>Javier Pallar\u00e9s<\/strong>, director de los  Servicios de <a href=\"https:\/\/elastic-antonelli.5-250-189-237.plesk.page\/apoyo\/\" rel=\"noopener\" target=\"_blank\">Apoyo a la Capacidad Jur\u00eddica<\/a> y <a href=\"https:\/\/elastic-antonelli.5-250-189-237.plesk.page\/ambito-penitenciario\/\" rel=\"noopener\" target=\"_blank\">\u00c1mbito Penitenciario<\/a> de Fundaci\u00f3n Manantial. <\/p>\n<p>Fundaci\u00f3n Manantial, consciente de la situaci\u00f3n de la mujer en el \u00c1mbito Penitenciario, ha puesto en marcha el <strong>programa AEQUUS<\/strong>, una iniciativa enfocada expresamente en la a<strong>tenci\u00f3n y apoyo a las mujeres con problemas de salud mental que est\u00e1n cumpliendo condena en un centro penitenciario.<\/strong> Este programa se vertebra sobre cuatro pilares fundamentales: <strong>formaci\u00f3n<\/strong>, la puesta en marcha de <strong>proyectos innovadores en los centros penitenciarios<\/strong> de la Comunidad de Madrid, <strong>atenci\u00f3n individual y grupal<\/strong> en el centro penitenciario Madrid I y los dos m\u00f3dulos de Madrid VII y, por \u00faltimo, la garant\u00eda de plazas de <strong>acceso \u00fanico a las mujeres con problemas de salud mental en la vivienda puente<\/strong> que Fundaci\u00f3n Manantial tiene disponible.<\/p>\n<p><strong>Elena Biurrun<\/strong>, directora general de Fundaci\u00f3n Manantial, afirma que \u201c<strong>Las mujeres se encuentran en una situaci\u00f3n clara de vulnerabilidad en el \u00e1mbito penitenciario, es por esto que desde Fundaci\u00f3n Manantial hemos decido poner en marcha el programa AEQUUS con el objetivo de acortar la brecha de la desigualdad. Las mujeres tienen, en proporci\u00f3n, m\u00e1s diagn\u00f3sticos de trastorno mental que los hombres, de ah\u00ed la importancia de poder ayudarlas a mejorar su calidad de vida\u201d.<\/strong><\/p>\n<p>Por su parte, la <strong>Secretar\u00eda General de Instituciones Penitenciarias<\/strong>, conscientes de la situaci\u00f3n de las mujeres en las c\u00e1rceles espa\u00f1olas, redact\u00f3 la Orden de Servicio 6\/2021 por la cual <strong>\u201cDeber\u00e1 prestarse espec\u00edfica atenci\u00f3n a las necesidades de las mujeres que se encuentren en situaci\u00f3n de especial vulnerabilidad (mujeres con adicciones, enfermedad mental, discapacidad, inmigrantes, v\u00edctima de violencia, familias mono parentales u otras) debiendo procurarse la b\u00fasqueda de recursos especializados para atender tales situaciones\u201d<\/strong>. <strong>\u00c1ngel Luis Ortiz Gonz\u00e1lez<\/strong>, Secretario General ha expresado, \u201ces la primera vez que se organiza una actividad de esta naturaleza en el \u00e1mbito penitenciario y yo solo puedo expresar mi agradecimiento. Estas jornadas son muy importantes para visibilizar la situaci\u00f3n de la mujer en el \u00e1mbito penitenciario ya que, seg\u00fan datos del Informe de 2020 de la OMS, <strong>el 32,8% de la poblaci\u00f3n en prisi\u00f3n tiene problemas de salud mental<\/strong>\u201d.<\/p>\n<p>Una de las participantes de la jornada ha afirmado que &#8220;hace falta m\u00e1s atenci\u00f3n sanitaria o la oportunidad de poder tener m\u00e1s ayuda de profesionales porque a m\u00ed a veces me hac\u00eda falta hablar con Don \u00c1ngel, el psiquiatra, y ten\u00eda que esperar hasta un mes y pico\u201d.<\/p>\n<p>El objetivo de Fundaci\u00f3n Manantial con este tipo de jornadas es <strong>visibilizar la situaci\u00f3n de las mujeres con problemas de salud mental en las c\u00e1rceles y promover medidas alternativas al ingreso en prisi\u00f3n que faciliten su reinserci\u00f3n social en la comunidad<\/strong>.<br \/>\n&nbsp;<\/p>\n<div>\n<p style=\"text-align:center\"<strong><a class=\"btn btn-primary\" href=\"https:\/\/elastic-antonelli.5-250-189-237.plesk.page\/\/wp-content\/uploads\/2023\/02\/Informe-de-resultados_Jornada-IIPP-Mujer-salud-mental-y-prision.pdf\" target=\"_blank\" rel=\"noopener\">Ver los impactos en medios de comunicaci\u00f3n y redes sociales<\/a><\/strong><\/p>\n","protected":false},"excerpt":{"rendered":"<p>Seg\u00fan los \u00faltimos datos aportados por la Secretar\u00eda General de Instituciones Penitenciarias, las mujeres suponen el 7,4% de la poblaci\u00f3n total en prisi\u00f3n. Estos datos demuestran que el peso poblacional en los centros penitenciarios es claramente masculino. Es una realidad que la instituci\u00f3n, desde su creaci\u00f3n arquitect\u00f3nica, equipamiento, normativa, lenguaje, servicios o programas tiene un [&hellip;]<\/p>\n","protected":false},"author":1,"featured_media":3690,"comment_status":"closed","ping_status":"closed","sticky":false,"template":"","format":"standard","meta":{"_acf_changed":false,"give_campaign_id":0,"_seopress_robots_primary_cat":"","_seopress_titles_title":"","_seopress_titles_desc":"","_seopress_robots_index":"","footnotes":""},"categories":[34],"tags":[],"class_list":["post-3689","post","type-post","status-publish","format-standard","has-post-thumbnail","hentry","category-noticias-fundacion-manantial"],"acf":[],"_links":{"self":[{"href":"https:\/\/www.fundacionmanantial.org\/en\/wp-json\/wp\/v2\/posts\/3689","targetHints":{"allow":["GET"]}}],"collection":[{"href":"https:\/\/www.fundacionmanantial.org\/en\/wp-json\/wp\/v2\/posts"}],"about":[{"href":"https:\/\/www.fundacionmanantial.org\/en\/wp-json\/wp\/v2\/types\/post"}],"author":[{"embeddable":true,"href":"https:\/\/www.fundacionmanantial.org\/en\/wp-json\/wp\/v2\/users\/1"}],"replies":[{"embeddable":true,"href":"https:\/\/www.fundacionmanantial.org\/en\/wp-json\/wp\/v2\/comments?post=3689"}],"version-history":[{"count":0,"href":"https:\/\/www.fundacionmanantial.org\/en\/wp-json\/wp\/v2\/posts\/3689\/revisions"}],"wp:featuredmedia":[{"embeddable":true,"href":"https:\/\/www.fundacionmanantial.org\/en\/wp-json\/wp\/v2\/media\/3690"}],"wp:attachment":[{"href":"https:\/\/www.fundacionmanantial.org\/en\/wp-json\/wp\/v2\/media?parent=3689"}],"wp:term":[{"taxonomy":"category","embeddable":true,"href":"https:\/\/www.fundacionmanantial.org\/en\/wp-json\/wp\/v2\/categories?post=3689"},{"taxonomy":"post_tag","embeddable":true,"href":"https:\/\/www.fundacionmanantial.org\/en\/wp-json\/wp\/v2\/tags?post=3689"}],"curies":[{"name":"wp","href":"https:\/\/api.w.org\/{rel}","templated":true}]}}