{"id":3687,"date":"2023-02-15T13:29:19","date_gmt":"2023-02-15T12:29:19","guid":{"rendered":"https:\/\/www.fundacionmanantial.org\/manantial-integra-catering-homologado-como-proveedor-de-catering-de-ifema\/"},"modified":"2023-02-15T13:29:19","modified_gmt":"2023-02-15T12:29:19","slug":"manantial-integra-catering-homologado-como-proveedor-de-catering-de-ifema","status":"publish","type":"post","link":"https:\/\/www.fundacionmanantial.org\/en\/manantial-integra-catering-homologado-como-proveedor-de-catering-de-ifema\/","title":{"rendered":"Manantial Integra Catering, homologado como proveedor de catering de IFEMA"},"content":{"rendered":"<p><strong>Manantial Integra &#8220;Catering&#8221;<\/strong>, uno de los proyectos de creaci\u00f3n de empleo del Centro Especial de Empleo Manantial Integra, ha recibido la <strong>homologaci\u00f3n permanente como proveedor de servicios de catering en ferias, eventos y convenciones de organizaci\u00f3n externa que tengan lugar en los recintos gestionados por <a href=\"https:\/\/www.google.com\/aclk?sa=l&#038;ai=DChcSEwi-0vGD0Zf9AhXB7XcKHTCdD3AYABABGgJlZg&#038;sig=AOD64_0rSK5DRApbKrvSPwVOwg9jM1YK4A&#038;q&#038;adurl&#038;ved=2ahUKEwi46OuD0Zf9AhXKGewKHXJOA-IQ0Qx6BAgJEAE\" rel=\"noopener\" target=\"_blank\">IFEMA<\/a><\/strong>, el primer operador de Espa\u00f1a y uno de los m\u00e1s importantes de Europa dentro del circuito internacional de la industria ferial y de congresos.<\/p>\n<p>Esta homologaci\u00f3n es un paso m\u00e1s para alcanzar el prop\u00f3sito de Fundaci\u00f3n Manantial de <strong>lograr la verdadera inclusi\u00f3n sociolaboral de las personas con problemas de salud mental.<\/strong><\/p>\n<p>Contratar los servicios de Manantial Integra Catering supone una <strong>medida alternativa al cumplimiento de la Ley General de Discapacidad<\/strong>, adem\u00e1s de una <strong>oportunidad de inclusi\u00f3n en el mercado laboral<\/strong> de las personas con problemas de salud mental, cuya tasa de desempleo alcanza el 83 %. Asimismo, supone una <strong>pr\u00e1ctica de compras responsables que tiene un impacto social y contribuye a los objetivos de desarrollo sostenible. <\/strong><\/p>\n<p>Si deseas contratar un servicio de catering con Manantial Integra, <strong>contacta con nosotros en catering@manantialintegra.org<\/strong><\/p>\n","protected":false},"excerpt":{"rendered":"<p>Manantial Integra &#8220;Catering&#8221;, uno de los proyectos de creaci\u00f3n de empleo del Centro Especial de Empleo Manantial Integra, ha recibido la homologaci\u00f3n permanente como proveedor de servicios de catering en ferias, eventos y convenciones de organizaci\u00f3n externa que tengan lugar en los recintos gestionados por IFEMA, el primer operador de Espa\u00f1a y uno de los [&hellip;]<\/p>\n","protected":false},"author":1,"featured_media":3688,"comment_status":"closed","ping_status":"closed","sticky":false,"template":"","format":"standard","meta":{"_acf_changed":false,"give_campaign_id":0,"_seopress_robots_primary_cat":"","_seopress_titles_title":"","_seopress_titles_desc":"","_seopress_robots_index":"","footnotes":""},"categories":[34],"tags":[],"class_list":["post-3687","post","type-post","status-publish","format-standard","has-post-thumbnail","hentry","category-noticias-fundacion-manantial"],"acf":[],"_links":{"self":[{"href":"https:\/\/www.fundacionmanantial.org\/en\/wp-json\/wp\/v2\/posts\/3687","targetHints":{"allow":["GET"]}}],"collection":[{"href":"https:\/\/www.fundacionmanantial.org\/en\/wp-json\/wp\/v2\/posts"}],"about":[{"href":"https:\/\/www.fundacionmanantial.org\/en\/wp-json\/wp\/v2\/types\/post"}],"author":[{"embeddable":true,"href":"https:\/\/www.fundacionmanantial.org\/en\/wp-json\/wp\/v2\/users\/1"}],"replies":[{"embeddable":true,"href":"https:\/\/www.fundacionmanantial.org\/en\/wp-json\/wp\/v2\/comments?post=3687"}],"version-history":[{"count":0,"href":"https:\/\/www.fundacionmanantial.org\/en\/wp-json\/wp\/v2\/posts\/3687\/revisions"}],"wp:featuredmedia":[{"embeddable":true,"href":"https:\/\/www.fundacionmanantial.org\/en\/wp-json\/wp\/v2\/media\/3688"}],"wp:attachment":[{"href":"https:\/\/www.fundacionmanantial.org\/en\/wp-json\/wp\/v2\/media?parent=3687"}],"wp:term":[{"taxonomy":"category","embeddable":true,"href":"https:\/\/www.fundacionmanantial.org\/en\/wp-json\/wp\/v2\/categories?post=3687"},{"taxonomy":"post_tag","embeddable":true,"href":"https:\/\/www.fundacionmanantial.org\/en\/wp-json\/wp\/v2\/tags?post=3687"}],"curies":[{"name":"wp","href":"https:\/\/api.w.org\/{rel}","templated":true}]}}