{"id":3683,"date":"2023-02-13T10:38:20","date_gmt":"2023-02-13T09:38:20","guid":{"rendered":"https:\/\/www.fundacionmanantial.org\/dialogos-sobre-salud-mental-y-cultura-en-el-espacio-mercado-de-getafe\/"},"modified":"2023-02-13T10:38:20","modified_gmt":"2023-02-13T09:38:20","slug":"dialogos-sobre-salud-mental-y-cultura-en-el-espacio-mercado-de-getafe","status":"publish","type":"post","link":"https:\/\/www.fundacionmanantial.org\/en\/dialogos-sobre-salud-mental-y-cultura-en-el-espacio-mercado-de-getafe\/","title":{"rendered":"&#8220;Di\u00e1logos sobre Salud Mental y Cultura&#8221; en el Espacio Mercado de Getafe"},"content":{"rendered":"<p>Los d\u00edas 8, 15 y 22 de febrero, Fundaci\u00f3n Manantial participa en los <a href=\"https:\/\/issuu.com\/aytogetafe\/docs\/agenda_cultural_46_ene_jun_2023\" rel=\"noopener\" target=\"_blank\">&#8220;Di\u00e1logos sobre Salud Mental y Cultura&#8221;<\/a> que organiza junto al <a href=\"https:\/\/www.getafe.es\/\" rel=\"noopener\" target=\"_blank\">Ayuntamiento de Getafe<\/a> (Madrid). <\/p>\n<p>El objetivo es<strong> llevar la salud mental<\/strong>, un tema excesivamente tratado \u00fanicamente en los espacios cl\u00ednicos y sanitarios, <strong>a un espacio m\u00e1s amplio, m\u00e1s transversal y con clara vocaci\u00f3n de humanizar los tratos y los tratamientos, a los pacientes y a los profesionales y, por supuesto, a la sociedad en general. La cultura puede ser una oportunidad para que el malestar ps\u00edquico y emocional deje de estar tan traumatizado y que se pueda entender como otro acontecimiento dentro de lo humano<\/strong>.<\/p>\n<p>El ciclo contar\u00e1 con la participaci\u00f3n de <strong>Elena Anaya, Nuria Labari, Laura Ferrero, Molo Cebri\u00e1n<\/strong>,&#8230; <strong>Ra\u00fal G\u00f3mez<\/strong>, director de los Recursos de Atenci\u00f3n Social de Fundaci\u00f3n Manantial, ser\u00e1 el moderador en una de las sesiones.<\/p>\n<p><a href=\"https:\/\/cultura.getafe.es\/agenda-cultura\/dialogos-sobre-salud-mental-y-cultura-recetar-farmacos-recetar-libros-la-ficcion-y-el-relato-como-salvacion\/\" rel=\"noopener\" target=\"_blank\">8 de febrero: \u201cRecetar f\u00e1rmacos, recetar libros. La ficci\u00f3n y el relato como salvaci\u00f3n\u201d<\/a><\/p>\n<p><a href=\"https:\/\/cultura.getafe.es\/agenda-cultura\/dialogos-sobre-salud-mental-y-cultura-enfermar-de-cine\/\" rel=\"noopener\" target=\"_blank\">15 de febrero: \u201cEnfermar de Cine\u201d<\/a><\/p>\n<p><a href=\"https:\/\/cultura.getafe.es\/agenda-cultura\/dialogos-sobre-salud-mental-y-cultura-jovenes-cultura-y-redes-sociales\/\" rel=\"noopener\" target=\"_blank\">22 de febrero: \u201cJ\u00f3venes, Cultura y Redes Sociales\u201d<\/a><\/p>\n","protected":false},"excerpt":{"rendered":"<p>Los d\u00edas 8, 15 y 22 de febrero, Fundaci\u00f3n Manantial participa en los &#8220;Di\u00e1logos sobre Salud Mental y Cultura&#8221; que organiza junto al Ayuntamiento de Getafe (Madrid). El objetivo es llevar la salud mental, un tema excesivamente tratado \u00fanicamente en los espacios cl\u00ednicos y sanitarios, a un espacio m\u00e1s amplio, m\u00e1s transversal y con clara [&hellip;]<\/p>\n","protected":false},"author":1,"featured_media":3684,"comment_status":"closed","ping_status":"closed","sticky":false,"template":"","format":"standard","meta":{"_acf_changed":false,"give_campaign_id":0,"_seopress_robots_primary_cat":"","_seopress_titles_title":"","_seopress_titles_desc":"","_seopress_robots_index":"","footnotes":""},"categories":[34],"tags":[159,418,85,419,345,420,350,421,180],"class_list":["post-3683","post","type-post","status-publish","format-standard","has-post-thumbnail","hentry","category-noticias-fundacion-manantial","tag-cine","tag-cultura","tag-fundacion-manantial","tag-getafe","tag-jovenes","tag-juventud","tag-literatura","tag-redes-sociales","tag-saludmental"],"acf":[],"_links":{"self":[{"href":"https:\/\/www.fundacionmanantial.org\/en\/wp-json\/wp\/v2\/posts\/3683","targetHints":{"allow":["GET"]}}],"collection":[{"href":"https:\/\/www.fundacionmanantial.org\/en\/wp-json\/wp\/v2\/posts"}],"about":[{"href":"https:\/\/www.fundacionmanantial.org\/en\/wp-json\/wp\/v2\/types\/post"}],"author":[{"embeddable":true,"href":"https:\/\/www.fundacionmanantial.org\/en\/wp-json\/wp\/v2\/users\/1"}],"replies":[{"embeddable":true,"href":"https:\/\/www.fundacionmanantial.org\/en\/wp-json\/wp\/v2\/comments?post=3683"}],"version-history":[{"count":0,"href":"https:\/\/www.fundacionmanantial.org\/en\/wp-json\/wp\/v2\/posts\/3683\/revisions"}],"wp:featuredmedia":[{"embeddable":true,"href":"https:\/\/www.fundacionmanantial.org\/en\/wp-json\/wp\/v2\/media\/3684"}],"wp:attachment":[{"href":"https:\/\/www.fundacionmanantial.org\/en\/wp-json\/wp\/v2\/media?parent=3683"}],"wp:term":[{"taxonomy":"category","embeddable":true,"href":"https:\/\/www.fundacionmanantial.org\/en\/wp-json\/wp\/v2\/categories?post=3683"},{"taxonomy":"post_tag","embeddable":true,"href":"https:\/\/www.fundacionmanantial.org\/en\/wp-json\/wp\/v2\/tags?post=3683"}],"curies":[{"name":"wp","href":"https:\/\/api.w.org\/{rel}","templated":true}]}}