{"id":3679,"date":"2023-02-06T10:27:38","date_gmt":"2023-02-06T09:27:38","guid":{"rendered":"https:\/\/www.fundacionmanantial.org\/mas-de-2-000-personas-corren-con-fundacion-manantial-para-promocionar-la-salud-mental\/"},"modified":"2023-02-06T10:27:38","modified_gmt":"2023-02-06T09:27:38","slug":"mas-de-2-000-personas-corren-con-fundacion-manantial-para-promocionar-la-salud-mental","status":"publish","type":"post","link":"https:\/\/www.fundacionmanantial.org\/en\/mas-de-2-000-personas-corren-con-fundacion-manantial-para-promocionar-la-salud-mental\/","title":{"rendered":"M\u00e1s de 2.000 personas corren con Fundaci\u00f3n Manantial para promocionar la salud mental"},"content":{"rendered":"<p>Fundaci\u00f3n Manantial ha celebrado la und\u00e9cima edici\u00f3n de su <a href=\"http:\/\/www.carrerasaludmental.com\" rel=\"noopener\" target=\"_blank\">Carrera por la Salud Mental<\/a> con el objetivo de <strong>sensibilizar y promocionar la salud mental a trav\u00e9s del deporte<\/strong>. <strong>Tender puentes hacia la inclusi\u00f3n social y romper el estigma<\/strong> es el mensaje principal de esta carrera solidaria que ha contado con la <strong>participaci\u00f3n de m\u00e1s de 2.200 corredores y corredoras<\/strong>. <\/p>\n<p>Y es que <strong>1 de cada 4 personas seg\u00fan la OMS tendr\u00e1 un problema de salud mental a lo largo de su vida y ser\u00e1 la primera causa de discapacidad a nivel mundial en el 2030<\/strong>. Sin embargo, todav\u00eda hay muchas <strong>dificultades para acceder al mercado laboral<\/strong>, <strong>tan solo el 17% de las personas con certificado de discapacidad por salud mental accede a un trabajo<\/strong>. <strong>\u201cEl empleo es una herramienta fundamental para la integraci\u00f3n que frena el riesgo de exclusi\u00f3n social, aporta identidad m\u00e1s all\u00e1 del diagn\u00f3stico, autonom\u00eda y bienestar emocional\u201d <\/strong>se\u00f1ala <strong>Helena de Carlos<\/strong>, directora de Comunicaci\u00f3n y RRII de Fundaci\u00f3n Manantial. \u201cPor eso <strong>la recaudaci\u00f3n se destinar\u00e1 a los proyectos de empleo de Fundaci\u00f3n Manantial que facilitan la inclusi\u00f3n laboral de cerca de 300 personas\u201d<\/strong>. Adem\u00e1s, \u201cel <strong>deporte<\/strong> facilita la recuperaci\u00f3n de las personas porque es una <strong>herramienta de inclusi\u00f3n social<\/strong> que permite romper el aislamiento, conectar con otras personas y mejorar la sensaci\u00f3n de bienestar f\u00edsico y emocional\u201d, aseguran desde la organizaci\u00f3n. <\/p>\n<p><strong>Impulsar pol\u00edticas de prevenci\u00f3n, atenci\u00f3n en salud mental e inclusi\u00f3n de las personas m\u00e1s vulnerables es el principal prop\u00f3sito que nos mueve a correr juntos<\/strong> por las calles m\u00e1s emblem\u00e1ticas de Madrid como el <strong>Palacio Real, la Plaza de Col\u00f3n o la Plaza Mayor<\/strong>. \u201cEsta carrera por la salud mental implica un proyecto de sensibilizaci\u00f3n importante que se suma a las distintas acciones que Fundaci\u00f3n Manantial lleva a cabo en el \u00e1mbito de la prevenci\u00f3n, de la atenci\u00f3n social, y del apoyo a la inclusi\u00f3n laboral para que las personas con problemas de salud mental graves puedan recuperar su proyecto de vida\u201d, ha remarcado <strong>Francisco Sardina<\/strong>, presidente del Patronato de Fundaci\u00f3n Manantial durante la entrega de premios.<\/p>\n<p>Esta edici\u00f3n ha sido apadrinada por el actor <strong><a href=\"https:\/\/www.instagram.com\/ed_n\/?hl=es\" rel=\"noopener\" target=\"_blank\">Eduardo Noriega<\/a><\/strong>, imagen del cartel de la carrera, que ha participado en la entrega de premios junto con la psiquiatra <strong><a href=\"https:\/\/es.linkedin.com\/in\/mercedes-nav%C3%ADo-acosta-36898850\" rel=\"noopener\" target=\"_blank\">Mercedes Nav\u00edo<\/a><\/strong>, coordinadora de la Oficina Regional de Coordinaci\u00f3n de Salud Mental y Adicciones de la Comunidad de Madrid, <strong><a href=\"https:\/\/es.linkedin.com\/in\/elena-biurrun-sainz-de-rozas-8b0575173\" rel=\"noopener\" target=\"_blank\">Elena Biurrun<\/a><\/strong>, directora general de la Fundaci\u00f3n Manantial y <strong>Sonsoles S\u00e1nchez<\/strong>, de la <a href=\"https:\/\/saludmentalmadrid.org\/\" rel=\"noopener\" target=\"_blank\">Federaci\u00f3n Salud Mental Madrid<\/a>. <\/p>\n<p>La iniciativa solidaria de este a\u00f1o, que volv\u00eda a formar parte de <a href=\"https:\/\/elastic-antonelli.5-250-189-237.plesk.page\/sala-de-prensa\/carrera-salud-mental-mapoma-running-league-as-madrid\/\" rel=\"noopener\" target=\"_blank\">Mapoma Running League<\/a>, ha contado con la colaboraci\u00f3n de <strong><a href=\"https:\/\/www.rovi.es\/\" rel=\"noopener\" target=\"_blank\">Rovi<\/a><\/strong> (patrocinador principal), <strong><a href=\"https:\/\/www.astrazeneca.es\/\" rel=\"noopener\" target=\"_blank\">Astrazeneca<\/a><\/strong>, <strong><a href=\"https:\/\/www.lundbeck.com\/es\" rel=\"noopener\" target=\"_blank\">Lundbeck<\/a><\/strong> y <strong><a href=\"https:\/\/www.janssen.com\/spain\/\" rel=\"noopener\" target=\"_blank\">Janssen<\/a><\/strong>, y por su parte han asistido al acto de premiaci\u00f3n <strong>Beatriz Garc\u00eda Su\u00e1rez<\/strong>, directora de Comunicaci\u00f3n y RSC de ROVI; <strong>Susana G\u00f3mez-Lus<\/strong>, directora M\u00e9dica y de Relaciones Institucionales de Lundbeck; <strong>Pilar Pasar\u00f3n<\/strong>, Government Affairs Head para AstraZeneca Espa\u00f1a, y <strong>Macarena Rodr\u00edguez<\/strong>, directora de Relaciones Institucionales de Janssen.<\/p>\n<p>La carrera ha contado, adem\u00e1s, con la colaboraci\u00f3n de <a href=\"https:\/\/www.jcdecaux.es\/\" rel=\"noopener\" target=\"_blank\"><strong>JCDecaux<\/a>, <a href=\"https:\/\/as.com\/\" rel=\"noopener\" target=\"_blank\">Diario AS<\/a>, <a href=\"https:\/\/www.kissfm.es\/\" rel=\"noopener\" target=\"_blank\">Kiss FM<\/a>, <a href=\"https:\/\/www.vifrusa.es\/index.php\" rel=\"noopener\" target=\"_blank\">Vifrusa<\/a>, <a href=\"https:\/\/mcdonalds.es\/\" rel=\"noopener\" target=\"_blank\">McDonalds<\/a>, <a href=\"https:\/\/www.imagenenaccion.org\/\" rel=\"noopener\" target=\"_blank\">Imagen en Acci\u00f3n<\/a>, <a href=\"http:\/\/www.rmayoral.es\/pageID_9219972.html\" rel=\"noopener\" target=\"_blank\">Mayoral<\/a>, <a href=\"http:\/\/www.travelweb.es\/\" rel=\"noopener\" target=\"_blank\">Travelweb<\/a>, <a href=\"https:\/\/www.elcorteingles.es\/\" rel=\"noopener\" target=\"_blank\">El Corte Ingl\u00e9s<\/a>, <a href=\"https:\/\/www.runnersworld.com\/es\/\" rel=\"noopener\" target=\"_blank\">Runners<\/a> y <a href=\"https:\/\/www.samsung.com\/es\/\" rel=\"noopener\" target=\"_blank\">Samsung<\/a><\/strong>, y con la aportaci\u00f3n indispensable de personas <strong>voluntarias<\/strong> de <strong>Fundaci\u00f3n Manantial, <a href=\"https:\/\/www.emtmadrid.es\/Home\" rel=\"noopener\" target=\"_blank\">EMT<\/a>, <a href=\"https:\/\/www.ufv.es\/\" rel=\"noopener\" target=\"_blank\">Universidad Francisco de Vitoria<\/a> y <a href=\"https:\/\/www.voluntariadocaixabank.org\/\" rel=\"noopener\" target=\"_blank\">CaixaBank<\/a><\/strong>.<\/p>\n<p><a href=\"https:\/\/www.carrerasaludmental.com\/resultados\/\" rel=\"noopener\" target=\"_blank\">Consultar clasificaci\u00f3n<\/a><\/p>\n<p><a href=\"https:\/\/www.flickr.com\/photos\/195034689@N08\/albums\/72177720305866585\" rel=\"noopener\" target=\"_blank\">Fotograf\u00edas de Imagen en Acci\u00f3n<\/a><\/p>\n<blockquote class=\"wp-embedded-content\" data-secret=\"7jeDuDtrt1\"><p><a href=\"https:\/\/elastic-antonelli.5-250-189-237.plesk.page\/sala-de-prensa\/la-xi-carrera-por-la-salud-mental-en-los-medios-y-redes-sociales\/\">La XI Carrera por la salud mental en los medios y redes sociales<\/a><\/p><\/blockquote>\n<p><iframe class=\"wp-embedded-content\" sandbox=\"allow-scripts\" security=\"restricted\" style=\"position: absolute; clip: rect(1px, 1px, 1px, 1px);\" title=\"\u00abLa XI Carrera por la salud mental en los medios y redes sociales\u00bb \u2014 Fundaci\u00f3n Manantial\" src=\"https:\/\/elastic-antonelli.5-250-189-237.plesk.page\/sala-de-prensa\/la-xi-carrera-por-la-salud-mental-en-los-medios-y-redes-sociales\/embed\/#?secret=SHkY61CaKS#?secret=7jeDuDtrt1\" data-secret=\"7jeDuDtrt1\" width=\"500\" height=\"282\" frameborder=\"0\" marginwidth=\"0\" marginheight=\"0\" scrolling=\"no\"><\/iframe><\/p>\n","protected":false},"excerpt":{"rendered":"<p>Fundaci\u00f3n Manantial ha celebrado la und\u00e9cima edici\u00f3n de su Carrera por la Salud Mental con el objetivo de sensibilizar y promocionar la salud mental a trav\u00e9s del deporte. Tender puentes hacia la inclusi\u00f3n social y romper el estigma es el mensaje principal de esta carrera solidaria que ha contado con la participaci\u00f3n de m\u00e1s de [&hellip;]<\/p>\n","protected":false},"author":1,"featured_media":3680,"comment_status":"closed","ping_status":"closed","sticky":false,"template":"","format":"standard","meta":{"_acf_changed":false,"give_campaign_id":0,"_seopress_robots_primary_cat":"","_seopress_titles_title":"","_seopress_titles_desc":"","_seopress_robots_index":"","footnotes":""},"categories":[34],"tags":[209,242,367,233,69,399,234,180,243],"class_list":["post-3679","post","type-post","status-publish","format-standard","has-post-thumbnail","hentry","category-noticias-fundacion-manantial","tag-carrera","tag-fundacionmanantial","tag-madrid","tag-mapoma","tag-ocio","tag-planes","tag-running","tag-saludmental","tag-solidaria"],"acf":[],"_links":{"self":[{"href":"https:\/\/www.fundacionmanantial.org\/en\/wp-json\/wp\/v2\/posts\/3679","targetHints":{"allow":["GET"]}}],"collection":[{"href":"https:\/\/www.fundacionmanantial.org\/en\/wp-json\/wp\/v2\/posts"}],"about":[{"href":"https:\/\/www.fundacionmanantial.org\/en\/wp-json\/wp\/v2\/types\/post"}],"author":[{"embeddable":true,"href":"https:\/\/www.fundacionmanantial.org\/en\/wp-json\/wp\/v2\/users\/1"}],"replies":[{"embeddable":true,"href":"https:\/\/www.fundacionmanantial.org\/en\/wp-json\/wp\/v2\/comments?post=3679"}],"version-history":[{"count":0,"href":"https:\/\/www.fundacionmanantial.org\/en\/wp-json\/wp\/v2\/posts\/3679\/revisions"}],"wp:featuredmedia":[{"embeddable":true,"href":"https:\/\/www.fundacionmanantial.org\/en\/wp-json\/wp\/v2\/media\/3680"}],"wp:attachment":[{"href":"https:\/\/www.fundacionmanantial.org\/en\/wp-json\/wp\/v2\/media?parent=3679"}],"wp:term":[{"taxonomy":"category","embeddable":true,"href":"https:\/\/www.fundacionmanantial.org\/en\/wp-json\/wp\/v2\/categories?post=3679"},{"taxonomy":"post_tag","embeddable":true,"href":"https:\/\/www.fundacionmanantial.org\/en\/wp-json\/wp\/v2\/tags?post=3679"}],"curies":[{"name":"wp","href":"https:\/\/api.w.org\/{rel}","templated":true}]}}