{"id":3673,"date":"2023-01-23T09:53:00","date_gmt":"2023-01-23T08:53:00","guid":{"rendered":"https:\/\/www.fundacionmanantial.org\/xi-carrera-por-la-salud-mental-en-la-mapoma-running-league-by-as\/"},"modified":"2023-01-23T09:53:00","modified_gmt":"2023-01-23T08:53:00","slug":"xi-carrera-por-la-salud-mental-en-la-mapoma-running-league-by-as","status":"publish","type":"post","link":"https:\/\/www.fundacionmanantial.org\/en\/xi-carrera-por-la-salud-mental-en-la-mapoma-running-league-by-as\/","title":{"rendered":"XI Carrera por la Salud Mental en la Mapoma Running League by AS"},"content":{"rendered":"<p>La <strong>Carrera por la Salud Mental<\/strong> de Fundaci\u00f3n Manantial vuelve a formar parte de la <a href=\"https:\/\/runningleague.mapoma.es\/\" rel=\"noopener\" target=\"_blank\">Mapoma Running League by AS<\/a>, una liga de running en la que todos los corredores y corredoras, aficionados o profesionales, podr\u00e1n disfrutar de su pasi\u00f3n y compartirla como nunca antes. La Liga otorgar\u00e1 premios no solo a las personas m\u00e1s r\u00e1pidas, sino tambi\u00e9n a las m\u00e1s constantes. Todos los participantes puntuar\u00e1n en el ranking de puntos luchando por ser los primeros de su categor\u00eda para llevarse el trofeo.<\/p>\n<p>La <a href=\"https:\/\/elastic-antonelli.5-250-189-237.plesk.page\/sala-de-prensa\/xi-carrera-por-la-salud-mental-2023\/\" rel=\"noopener\" target=\"_blank\">XI Carrera por la Salud Mental de Fundaci\u00f3n Manantial<\/a> recorrer\u00e1 el <strong>5 de febrero<\/strong> las principales calles de <strong>Madrid<\/strong>, pasando por lugares tan emblem\u00e1ticos como el <strong>Palacio Real, el Templo de Debod, el Paseo del Prado o la Plaza de Col\u00f3n<\/strong>, y cuenta con distancias para todas las edades y niveles: <strong>10 Km, 5 Km y una marcha familiar de 2,8 Km<\/strong>.<\/p>\n<p>Nuestro prop\u00f3sito es <strong>mejorar la atenci\u00f3n de las personas con problemas de salud mental y promover su inclusi\u00f3n en la sociedad y el mundo laboral<\/strong>. Por ello, en esta edici\u00f3n <strong>tu apoyo servir\u00e1 para seguir creando empleo a trav\u00e9s de nuestros proyectos<\/strong>, que dan trabajo a cerca de 300 personas al a\u00f1o.<\/p>\n<p><strong>\u00bfA\u00fan no te has inscrito?<\/strong><\/p>\n<p style=\"text-align:center\"<strong><a class=\"btn btn-primary\" href=\"http:\/\/www.carrerasaludmental.com\/inscripciones\" target=\"_blank\" rel=\"noopener\">Inscripciones<\/a><\/strong><\/p>\n<p style=\"text-align:center\"<strong><a class=\"btn btn-primary\" href=\"https:\/\/www.carrerasaludmental.com\/recorridos\/\" target=\"_blank\" rel=\"noopener\">Ver recorridos<\/a><\/strong><br \/>\n&nbsp;<\/p>\n<div>\n<p>#CarreraSaludMental<br \/>\n&nbsp;<\/p>\n<div>\nNoticias relacionadas<\/p>\n<blockquote class=\"wp-embedded-content\" data-secret=\"sk4By9fFrL\"><p><a href=\"https:\/\/elastic-antonelli.5-250-189-237.plesk.page\/sala-de-prensa\/xi-carrera-por-la-salud-mental-2023\/\">XI Carrera por la Salud Mental 2023<\/a><\/p><\/blockquote>\n<p><iframe class=\"wp-embedded-content\" sandbox=\"allow-scripts\" security=\"restricted\" style=\"position: absolute; clip: rect(1px, 1px, 1px, 1px);\" title=\"\u00abXI Carrera por la Salud Mental 2023\u00bb \u2014 Fundaci\u00f3n Manantial\" src=\"https:\/\/elastic-antonelli.5-250-189-237.plesk.page\/sala-de-prensa\/xi-carrera-por-la-salud-mental-2023\/embed\/#?secret=ZUfi12MHQF#?secret=sk4By9fFrL\" data-secret=\"sk4By9fFrL\" width=\"500\" height=\"282\" frameborder=\"0\" marginwidth=\"0\" marginheight=\"0\" scrolling=\"no\"><\/iframe><\/p>\n","protected":false},"excerpt":{"rendered":"<p>La Carrera por la Salud Mental de Fundaci\u00f3n Manantial vuelve a formar parte de la Mapoma Running League by AS, una liga de running en la que todos los corredores y corredoras, aficionados o profesionales, podr\u00e1n disfrutar de su pasi\u00f3n y compartirla como nunca antes. La Liga otorgar\u00e1 premios no solo a las personas m\u00e1s [&hellip;]<\/p>\n","protected":false},"author":1,"featured_media":3674,"comment_status":"closed","ping_status":"closed","sticky":false,"template":"","format":"standard","meta":{"_acf_changed":false,"give_campaign_id":0,"_seopress_robots_primary_cat":"","_seopress_titles_title":"","_seopress_titles_desc":"","_seopress_robots_index":"","footnotes":""},"categories":[34],"tags":[369,209,411,60,320,412,367,233,413,234,65,111],"class_list":["post-3673","post","type-post","status-publish","format-standard","has-post-thumbnail","hentry","category-noticias-fundacion-manantial","tag-bienestar","tag-carrera","tag-difusion","tag-empleo","tag-impacto","tag-league","tag-madrid","tag-mapoma","tag-proposito","tag-running","tag-salud-mental","tag-sensibilizacion"],"acf":[],"_links":{"self":[{"href":"https:\/\/www.fundacionmanantial.org\/en\/wp-json\/wp\/v2\/posts\/3673","targetHints":{"allow":["GET"]}}],"collection":[{"href":"https:\/\/www.fundacionmanantial.org\/en\/wp-json\/wp\/v2\/posts"}],"about":[{"href":"https:\/\/www.fundacionmanantial.org\/en\/wp-json\/wp\/v2\/types\/post"}],"author":[{"embeddable":true,"href":"https:\/\/www.fundacionmanantial.org\/en\/wp-json\/wp\/v2\/users\/1"}],"replies":[{"embeddable":true,"href":"https:\/\/www.fundacionmanantial.org\/en\/wp-json\/wp\/v2\/comments?post=3673"}],"version-history":[{"count":0,"href":"https:\/\/www.fundacionmanantial.org\/en\/wp-json\/wp\/v2\/posts\/3673\/revisions"}],"wp:featuredmedia":[{"embeddable":true,"href":"https:\/\/www.fundacionmanantial.org\/en\/wp-json\/wp\/v2\/media\/3674"}],"wp:attachment":[{"href":"https:\/\/www.fundacionmanantial.org\/en\/wp-json\/wp\/v2\/media?parent=3673"}],"wp:term":[{"taxonomy":"category","embeddable":true,"href":"https:\/\/www.fundacionmanantial.org\/en\/wp-json\/wp\/v2\/categories?post=3673"},{"taxonomy":"post_tag","embeddable":true,"href":"https:\/\/www.fundacionmanantial.org\/en\/wp-json\/wp\/v2\/tags?post=3673"}],"curies":[{"name":"wp","href":"https:\/\/api.w.org\/{rel}","templated":true}]}}