{"id":3669,"date":"2023-01-13T08:39:26","date_gmt":"2023-01-13T07:39:26","guid":{"rendered":"https:\/\/www.fundacionmanantial.org\/dia-mundial-de-la-lucha-contra-la-depresion-fundacion-manantial-en-memoria-de-delfin-rne\/"},"modified":"2023-01-13T08:39:26","modified_gmt":"2023-01-13T07:39:26","slug":"dia-mundial-de-la-lucha-contra-la-depresion-fundacion-manantial-en-memoria-de-delfin-rne","status":"publish","type":"post","link":"https:\/\/www.fundacionmanantial.org\/en\/dia-mundial-de-la-lucha-contra-la-depresion-fundacion-manantial-en-memoria-de-delfin-rne\/","title":{"rendered":"D\u00eda Mundial de la Lucha contra la Depresi\u00f3n: Fundaci\u00f3n Manantial en Memoria de Delf\u00edn (RNE)"},"content":{"rendered":"<p><strong>Tres millones de personas sufren depresi\u00f3n en Espa\u00f1a<\/strong>, lo que la convierte en el problema de salud mental grave m\u00e1s prevalente en nuestro pa\u00eds y la primera causa mundial de discapacidad.<\/p>\n<p>Para darle visibilidad y fomentar la prevenci\u00f3n, <strong>Marina Nicol\u00e1s<\/strong>, trabajadora de <a href=\"https:\/\/elastic-antonelli.5-250-189-237.plesk.page\/empleo\/\" rel=\"noopener\" target=\"_blank\">Manantial Integra Hosteler\u00eda<\/a>, y <strong>\u00c1lvaro Coulouscou<\/strong>, psic\u00f3logo del Centro de Rehabilitaci\u00f3n Psicosocial \u2018Barajas\u2019 de Fundaci\u00f3n Manantial han hablado en el programa <a href=\"https:\/\/www.rtve.es\/play\/audios\/memoria-de-delfin\/\" rel=\"noopener\" target=\"_blank\"><em>Memoria de Delf\u00edn<\/em><\/a> de <a href=\"https:\/\/www.rtve.es\/radio\/\" rel=\"noopener\" target=\"_blank\">Radio Nacional de Espa\u00f1a<\/a> sobre <strong>qu\u00e9 es la depresi\u00f3n, qu\u00e9 hacer cuando detectamos los s\u00edntomas, el peso del estigma y la experiencia en primera persona.<\/strong><\/p>\n<p><strong>&#8220;No es un fallo de uno, todo el contexto falla. \u00bfEn qu\u00e9 sociedad vivimos que no tiene capacidad de acogida de alguien que est\u00e1 sufriendo? \u00bfQu\u00e9 nos pasa que estamos enfermando de esta manera, en una sociedad donde siempre hay la exigencia de ser y tener m\u00e1s? Tiene que llegar una enfermedad para decir &#8216;Necesito parar. No puedo m\u00e1s&#8217;<\/strong>, comenta \u00c1lvaro.<\/p>\n<p>En el <strong>D\u00eda Mundial de la Lucha contra la Depresi\u00f3n<\/strong> que se celebra este 13 de enero, Marina y \u00c1lvaro han querido mostrar la importancia de la <strong>prevenci\u00f3n<\/strong>, del <strong>acceso al tratamiento<\/strong> y del poder <strong>hablar de lo que nos ocurre con naturalidad<\/strong>. Marina ha lanzado, a trav\u00e9s de su experiencia en primera persona, un mensaje de optimismo que muestra que <strong>la recuperaci\u00f3n es posible<\/strong>.<\/p>\n<p><strong>\u201cMe despidieron del trabajo cuando un compa\u00f1ero descubri\u00f3 la medicaci\u00f3n que tomaba. Pero conoc\u00ed a Manantial y me dieron la oportunidad de desarrollarme laboralmente. Ahora me siento feliz, y es una sensaci\u00f3n extra\u00f1a porque he pasado much\u00edsimos a\u00f1os sin sentirme feliz\u201d<\/strong>, asegura Marina.<br \/>\n&nbsp;<\/p>\n<div>\n<a href=\"https:\/\/fundacionmanantial.us18.list-manage.com\/track\/click?u=96d9e4ae2e045dfb002653168&#038;id=1b5a94d7b1&#038;e=af7932c11c\" rel=\"noopener\" target=\"_blank\">  Escucha el programa completo<\/a><br \/>\n&nbsp;<\/p>\n<div>\n<iframe title=\"Depresi\u00f3n: un reto para la salud p\u00fablica - Fundaci\u00f3n Manantial en Radio 3\" width=\"500\" height=\"281\" src=\"https:\/\/www.youtube.com\/embed\/aYPJWncY2yY?feature=oembed\" frameborder=\"0\" allow=\"accelerometer; autoplay; clipboard-write; encrypted-media; gyroscope; picture-in-picture; web-share\" referrerpolicy=\"strict-origin-when-cross-origin\" allowfullscreen><\/iframe><\/p>\n","protected":false},"excerpt":{"rendered":"<p>Tres millones de personas sufren depresi\u00f3n en Espa\u00f1a, lo que la convierte en el problema de salud mental grave m\u00e1s prevalente en nuestro pa\u00eds y la primera causa mundial de discapacidad. Para darle visibilidad y fomentar la prevenci\u00f3n, Marina Nicol\u00e1s, trabajadora de Manantial Integra Hosteler\u00eda, y \u00c1lvaro Coulouscou, psic\u00f3logo del Centro de Rehabilitaci\u00f3n Psicosocial \u2018Barajas\u2019 [&hellip;]<\/p>\n","protected":false},"author":1,"featured_media":3670,"comment_status":"closed","ping_status":"closed","sticky":false,"template":"","format":"standard","meta":{"_acf_changed":false,"give_campaign_id":0,"_seopress_robots_primary_cat":"","_seopress_titles_title":"","_seopress_titles_desc":"","_seopress_robots_index":"","footnotes":""},"categories":[34],"tags":[206,407,408,409,61,410,64,180,195],"class_list":["post-3669","post","type-post","status-publish","format-standard","has-post-thumbnail","hentry","category-noticias-fundacion-manantial","tag-cee","tag-centroespecialempleo","tag-depresion","tag-diamundialluchacontradepresion","tag-inclusion","tag-manantialintegra","tag-recuperacion","tag-saludmental","tag-suicidio"],"acf":[],"_links":{"self":[{"href":"https:\/\/www.fundacionmanantial.org\/en\/wp-json\/wp\/v2\/posts\/3669","targetHints":{"allow":["GET"]}}],"collection":[{"href":"https:\/\/www.fundacionmanantial.org\/en\/wp-json\/wp\/v2\/posts"}],"about":[{"href":"https:\/\/www.fundacionmanantial.org\/en\/wp-json\/wp\/v2\/types\/post"}],"author":[{"embeddable":true,"href":"https:\/\/www.fundacionmanantial.org\/en\/wp-json\/wp\/v2\/users\/1"}],"replies":[{"embeddable":true,"href":"https:\/\/www.fundacionmanantial.org\/en\/wp-json\/wp\/v2\/comments?post=3669"}],"version-history":[{"count":0,"href":"https:\/\/www.fundacionmanantial.org\/en\/wp-json\/wp\/v2\/posts\/3669\/revisions"}],"wp:featuredmedia":[{"embeddable":true,"href":"https:\/\/www.fundacionmanantial.org\/en\/wp-json\/wp\/v2\/media\/3670"}],"wp:attachment":[{"href":"https:\/\/www.fundacionmanantial.org\/en\/wp-json\/wp\/v2\/media?parent=3669"}],"wp:term":[{"taxonomy":"category","embeddable":true,"href":"https:\/\/www.fundacionmanantial.org\/en\/wp-json\/wp\/v2\/categories?post=3669"},{"taxonomy":"post_tag","embeddable":true,"href":"https:\/\/www.fundacionmanantial.org\/en\/wp-json\/wp\/v2\/tags?post=3669"}],"curies":[{"name":"wp","href":"https:\/\/api.w.org\/{rel}","templated":true}]}}