{"id":3667,"date":"2022-12-31T08:56:14","date_gmt":"2022-12-31T07:56:14","guid":{"rendered":"https:\/\/www.fundacionmanantial.org\/28-personas-se-forman-y-mejoran-su-empleabilidad-con-los-itinerarios-integrados-de-insercion-sociolaboral-2\/"},"modified":"2022-12-31T08:56:14","modified_gmt":"2022-12-31T07:56:14","slug":"28-personas-se-forman-y-mejoran-su-empleabilidad-con-los-itinerarios-integrados-de-insercion-sociolaboral-2","status":"publish","type":"post","link":"https:\/\/www.fundacionmanantial.org\/en\/28-personas-se-forman-y-mejoran-su-empleabilidad-con-los-itinerarios-integrados-de-insercion-sociolaboral-2\/","title":{"rendered":"28 personas se forman y mejoran su empleabilidad con los \u00abItinerarios Integrados de Inserci\u00f3n Sociolaboral\u00bb"},"content":{"rendered":"<p>Durante el a\u00f1o 2022, desde el \u00c1rea de Empleo de Fundaci\u00f3n Manantial se ha desarrollado el <strong>Programa \u00abItinerarios Integrados de Inserci\u00f3n Sociolaboral de personas adultas con problemas de salud mental\u00bb<\/strong> con el objetivo de <strong>favorecer la formaci\u00f3n y el acceso al empleo<\/strong>, actuaci\u00f3n susceptible de ser cofinanciada por la Uni\u00f3n Europea a trav\u00e9s del <a href=\"https:\/\/www.mites.gob.es\/uafse\/es\/po-completo\/cvalenciana\/index.htm#:~:text=Programa%20Operativo%20FSE%20de%20la%20Comunidad%20Valenciana%202014%2D2020&#038;text=Facilitar%20el%20acceso%20al%20mercado,de%20lograr%20su%20inclusi%C3%B3n%20social.\" rel=\"noopener\" target=\"_blank\">Programa Operativo del Fondo Social Europeo (FSE) de la Comunitat Valenciana 2014-2020<\/a>, como parte de la respuesta de la Uni\u00f3n a la pandemia de COVID-19. <\/p>\n<p>Todas las personas participantes han podido obtener un diagn\u00f3stico de su <strong>empleabilidad<\/strong>, se les ha creado un <strong>itinerario individualizado de inserci\u00f3n laboral<\/strong>, han ampliado su perfil de competencias en las \u00e1reas de <strong><a href=\"https:\/\/elastic-antonelli.5-250-189-237.plesk.page\/sala-de-prensa\/formacion-para-mejorar-la-inclusion-laboral-de-las-personas-con-problemas-de-salud-mental\/\" rel=\"noopener\" target=\"_blank\">limpieza<\/a> y <a href=\"https:\/\/elastic-antonelli.5-250-189-237.plesk.page\/sala-de-prensa\/practicas-en-manantial-vilamico-para-mejorar-la-inclusion-laboral-de-las-personas-con-problemas-de-salud-mental\/\" rel=\"noopener\" target=\"_blank\">recolecci\u00f3n del champi\u00f1\u00f3n<\/a><\/strong> en los Centros Especiales de Empleo Manantial Integra y <a href=\"https:\/\/manantialvilamico.org\/\" rel=\"noopener\" target=\"_blank\">Manantial Vilamico<\/a>, han mejorado sus competencias transversales y ampliado sus conocimientos en <strong><a href=\"https:\/\/elastic-antonelli.5-250-189-237.plesk.page\/sala-de-prensa\/alfabetizacion-digital-para-mejorar-la-inclusion-laboral\/\" rel=\"noopener\" target=\"_blank\">alfabetizaci\u00f3n digital<\/a><\/strong>, han recibido atenci\u00f3n social individualizada, <strong>orientaci\u00f3n durante su proceso de b\u00fasqueda de empleo, apoyo en la prospecci\u00f3n e intermediaci\u00f3n con otras entidades, y acompa\u00f1amiento durante la fase de adaptaci\u00f3n al puesto de trabajo.<\/strong><\/p>\n<p><strong>Los resultados han sido muy satisfactorios<\/strong>: se ha atendido a un total de <strong>24 personas<\/strong> (11 hombres y 13 mujeres), en edades comprendidas entre los 19 y los 58 a\u00f1os. De ellas, 16 personas han llegado a tener, al menos, <strong>un contrato de trabajo durante este a\u00f1o<\/strong>, lo que supone un 66,66%.<\/p>\n<p><strong>Desde Fundaci\u00f3n Manantial, en 2023 se seguir\u00e1 trabajando para darle continuidad a estas acciones tan necesarias para mejorar la empleabilidad de personas con problemas de salud mental.<\/strong><\/p>\n","protected":false},"excerpt":{"rendered":"<p>Durante el a\u00f1o 2022, desde el \u00c1rea de Empleo de Fundaci\u00f3n Manantial se ha desarrollado el Programa \u00abItinerarios Integrados de Inserci\u00f3n Sociolaboral de personas adultas con problemas de salud mental\u00bb con el objetivo de favorecer la formaci\u00f3n y el acceso al empleo, actuaci\u00f3n susceptible de ser cofinanciada por la Uni\u00f3n Europea a trav\u00e9s del Programa [&hellip;]<\/p>\n","protected":false},"author":1,"featured_media":3668,"comment_status":"closed","ping_status":"closed","sticky":false,"template":"","format":"standard","meta":{"_acf_changed":false,"give_campaign_id":0,"_seopress_robots_primary_cat":"","_seopress_titles_title":"","_seopress_titles_desc":"","_seopress_robots_index":"","footnotes":""},"categories":[34],"tags":[],"class_list":["post-3667","post","type-post","status-publish","format-standard","has-post-thumbnail","hentry","category-noticias-fundacion-manantial"],"acf":[],"_links":{"self":[{"href":"https:\/\/www.fundacionmanantial.org\/en\/wp-json\/wp\/v2\/posts\/3667","targetHints":{"allow":["GET"]}}],"collection":[{"href":"https:\/\/www.fundacionmanantial.org\/en\/wp-json\/wp\/v2\/posts"}],"about":[{"href":"https:\/\/www.fundacionmanantial.org\/en\/wp-json\/wp\/v2\/types\/post"}],"author":[{"embeddable":true,"href":"https:\/\/www.fundacionmanantial.org\/en\/wp-json\/wp\/v2\/users\/1"}],"replies":[{"embeddable":true,"href":"https:\/\/www.fundacionmanantial.org\/en\/wp-json\/wp\/v2\/comments?post=3667"}],"version-history":[{"count":0,"href":"https:\/\/www.fundacionmanantial.org\/en\/wp-json\/wp\/v2\/posts\/3667\/revisions"}],"wp:featuredmedia":[{"embeddable":true,"href":"https:\/\/www.fundacionmanantial.org\/en\/wp-json\/wp\/v2\/media\/3668"}],"wp:attachment":[{"href":"https:\/\/www.fundacionmanantial.org\/en\/wp-json\/wp\/v2\/media?parent=3667"}],"wp:term":[{"taxonomy":"category","embeddable":true,"href":"https:\/\/www.fundacionmanantial.org\/en\/wp-json\/wp\/v2\/categories?post=3667"},{"taxonomy":"post_tag","embeddable":true,"href":"https:\/\/www.fundacionmanantial.org\/en\/wp-json\/wp\/v2\/tags?post=3667"}],"curies":[{"name":"wp","href":"https:\/\/api.w.org\/{rel}","templated":true}]}}