{"id":3661,"date":"2022-12-20T09:46:41","date_gmt":"2022-12-20T08:46:41","guid":{"rendered":"https:\/\/www.fundacionmanantial.org\/fundacion-manantial-galardonada-en-los-premios-cada-paso-cuenta-de-quironsalud\/"},"modified":"2022-12-20T09:46:41","modified_gmt":"2022-12-20T08:46:41","slug":"fundacion-manantial-galardonada-en-los-premios-cada-paso-cuenta-de-quironsalud","status":"publish","type":"post","link":"https:\/\/www.fundacionmanantial.org\/en\/fundacion-manantial-galardonada-en-los-premios-cada-paso-cuenta-de-quironsalud\/","title":{"rendered":"Fundaci\u00f3n Manantial, galardonada en los Premios &#8220;Cada paso cuenta&#8221; de Quir\u00f3nsalud"},"content":{"rendered":"<p><strong>Fundaci\u00f3n Manantial<\/strong> ha recibido uno de los galardones otorgados por <a href=\"https:\/\/www.quironsalud.es\/\" rel=\"noopener\" target=\"_blank\"><strong>Quir\u00f3nsalud<\/strong><\/a> en la <strong>segunda edici\u00f3n de los Premios &#8220;Cada paso cuenta&#8221;<\/strong>. Esta iniciativa se puso en marcha desde los Hospitales privados de Madrid del grupo Quironsalud, dentro de su plan de trabajo en materia de Responsabilidad Social Corporativa y, en concreto, de responsabilidad laboral a trav\u00e9s de <strong>la\u00a0mejora de la experiencia del trabajador mediante el fomento de su bienestar y de h\u00e1bitos de vida saludables.<\/strong><\/p>\n<p>El objetivo de &#8220;Cada paso cuenta&#8221; ha consistido en <strong>sumar el mayor n\u00famero de pasos posible<\/strong>s durante 21 d\u00edas de forma individual y en equipo. Los equipos estaban formados por trabajadores y trabajadoras de todos los hospitales privados de Madrid en funci\u00f3n del servicio: urgencias y UCI, hospitalizaci\u00f3n, servicios centrales, \u00e1rea ambulatoria y admisiones, bloque quir\u00fargico, equipo directivo, servicios territoriales y servicios transversales. <\/p>\n<p>Como cada paso cuenta, el equipo con el mayor n\u00famero de pasos acumulados ha sido el equipo ganador, y <strong>transforma esos pasos en un premio econ\u00f3mico que se dona a una entidad sin \u00e1nimo de lucro perteneciente a la red del Programa de Voluntariado y seleccionada por los trabajadores.<\/strong><\/p>\n<p>Desde Fundaci\u00f3n Manantial <strong>agradecemos a los equipos de urgencias-UCI por caminar tantos pasos en favor de las personas con problemas de salud mental. <\/strong><\/p>\n","protected":false},"excerpt":{"rendered":"<p>Fundaci\u00f3n Manantial ha recibido uno de los galardones otorgados por Quir\u00f3nsalud en la segunda edici\u00f3n de los Premios &#8220;Cada paso cuenta&#8221;. Esta iniciativa se puso en marcha desde los Hospitales privados de Madrid del grupo Quironsalud, dentro de su plan de trabajo en materia de Responsabilidad Social Corporativa y, en concreto, de responsabilidad laboral a [&hellip;]<\/p>\n","protected":false},"author":1,"featured_media":3662,"comment_status":"closed","ping_status":"closed","sticky":false,"template":"","format":"standard","meta":{"_acf_changed":false,"give_campaign_id":0,"_seopress_robots_primary_cat":"","_seopress_titles_title":"","_seopress_titles_desc":"","_seopress_robots_index":"","footnotes":""},"categories":[34],"tags":[242,61,218,175,406,220,120,180,102],"class_list":["post-3661","post","type-post","status-publish","format-standard","has-post-thumbnail","hentry","category-noticias-fundacion-manantial","tag-fundacionmanantial","tag-inclusion","tag-navidad","tag-premio","tag-quiron","tag-reconocimiento","tag-rsc","tag-saludmental","tag-voluntariado"],"acf":[],"_links":{"self":[{"href":"https:\/\/www.fundacionmanantial.org\/en\/wp-json\/wp\/v2\/posts\/3661","targetHints":{"allow":["GET"]}}],"collection":[{"href":"https:\/\/www.fundacionmanantial.org\/en\/wp-json\/wp\/v2\/posts"}],"about":[{"href":"https:\/\/www.fundacionmanantial.org\/en\/wp-json\/wp\/v2\/types\/post"}],"author":[{"embeddable":true,"href":"https:\/\/www.fundacionmanantial.org\/en\/wp-json\/wp\/v2\/users\/1"}],"replies":[{"embeddable":true,"href":"https:\/\/www.fundacionmanantial.org\/en\/wp-json\/wp\/v2\/comments?post=3661"}],"version-history":[{"count":0,"href":"https:\/\/www.fundacionmanantial.org\/en\/wp-json\/wp\/v2\/posts\/3661\/revisions"}],"wp:featuredmedia":[{"embeddable":true,"href":"https:\/\/www.fundacionmanantial.org\/en\/wp-json\/wp\/v2\/media\/3662"}],"wp:attachment":[{"href":"https:\/\/www.fundacionmanantial.org\/en\/wp-json\/wp\/v2\/media?parent=3661"}],"wp:term":[{"taxonomy":"category","embeddable":true,"href":"https:\/\/www.fundacionmanantial.org\/en\/wp-json\/wp\/v2\/categories?post=3661"},{"taxonomy":"post_tag","embeddable":true,"href":"https:\/\/www.fundacionmanantial.org\/en\/wp-json\/wp\/v2\/tags?post=3661"}],"curies":[{"name":"wp","href":"https:\/\/api.w.org\/{rel}","templated":true}]}}