{"id":3659,"date":"2022-12-16T08:56:12","date_gmt":"2022-12-16T07:56:12","guid":{"rendered":"https:\/\/www.fundacionmanantial.org\/alfabetizacion-digital-para-mejorar-la-inclusion-laboral\/"},"modified":"2022-12-16T08:56:12","modified_gmt":"2022-12-16T07:56:12","slug":"alfabetizacion-digital-para-mejorar-la-inclusion-laboral","status":"publish","type":"post","link":"https:\/\/www.fundacionmanantial.org\/en\/alfabetizacion-digital-para-mejorar-la-inclusion-laboral\/","title":{"rendered":"Alfabetizaci\u00f3n digital para mejorar la inclusi\u00f3n laboral"},"content":{"rendered":"<p><strong>Fundaci\u00f3n Manantial<\/strong> inicia un <strong>taller de alfabetizaci\u00f3n digital<\/strong> dentro del <strong>Programa \u00abItinerarios Integrados de Inserci\u00f3n Sociolaboral de personas adultas con problemas de salud mental\u00bb<\/strong>, actuaci\u00f3n susceptible de ser cofinanciada por la Uni\u00f3n Europea a trav\u00e9s del <a href=\"https:\/\/www.mites.gob.es\/uafse\/es\/po-completo\/cvalenciana\/index.htm#:~:text=Programa%20Operativo%20FSE%20de%20la%20Comunidad%20Valenciana%202014%2D2020&#038;text=Facilitar%20el%20acceso%20al%20mercado,de%20lograr%20su%20inclusi%C3%B3n%20social.\" rel=\"noopener\" target=\"_blank\">Programa Operativo del Fondo Social Europeo (FSE) de la Comunitat Valenciana 2014-2020<\/a>, como parte de la respuesta de la Uni\u00f3n a la pandemia de COVID-19.<\/p>\n<p>En la actualidad, hay personas que siguen encontrando <strong>dificultades en el uso de sistemas inform\u00e1ticos<\/strong> para la gesti\u00f3n de su proceso de b\u00fasqueda de empleo, ya sea por inaccesibilidad a estos recursos o por desconocimiento en su funcionamiento. Por ello, el objetivo de este taller es <strong>capacitar en competencias digitales<\/strong> para poder realizar un <strong>proceso de b\u00fasqueda de empleo de forma aut\u00f3noma y de esta forma aumentar a corto o medio plazo sus posibilidades de inclusi\u00f3n o reinserci\u00f3n laboral.<\/strong><\/p>\n<p>El taller impartido, de 12 horas de duraci\u00f3n, ha ido encaminado al entrenamiento en estas herramientas para <strong>favorecer el desarrollo y el empoderamiento a trav\u00e9s del uso de las nuevas tecnolog\u00edas, combatiendo as\u00ed la brecha digital.<\/strong><\/p>\n","protected":false},"excerpt":{"rendered":"<p>Fundaci\u00f3n Manantial inicia un taller de alfabetizaci\u00f3n digital dentro del Programa \u00abItinerarios Integrados de Inserci\u00f3n Sociolaboral de personas adultas con problemas de salud mental\u00bb, actuaci\u00f3n susceptible de ser cofinanciada por la Uni\u00f3n Europea a trav\u00e9s del Programa Operativo del Fondo Social Europeo (FSE) de la Comunitat Valenciana 2014-2020, como parte de la respuesta de la [&hellip;]<\/p>\n","protected":false},"author":1,"featured_media":3660,"comment_status":"closed","ping_status":"closed","sticky":false,"template":"","format":"standard","meta":{"_acf_changed":false,"give_campaign_id":0,"_seopress_robots_primary_cat":"","_seopress_titles_title":"","_seopress_titles_desc":"","_seopress_robots_index":"","footnotes":""},"categories":[34],"tags":[],"class_list":["post-3659","post","type-post","status-publish","format-standard","has-post-thumbnail","hentry","category-noticias-fundacion-manantial"],"acf":[],"_links":{"self":[{"href":"https:\/\/www.fundacionmanantial.org\/en\/wp-json\/wp\/v2\/posts\/3659","targetHints":{"allow":["GET"]}}],"collection":[{"href":"https:\/\/www.fundacionmanantial.org\/en\/wp-json\/wp\/v2\/posts"}],"about":[{"href":"https:\/\/www.fundacionmanantial.org\/en\/wp-json\/wp\/v2\/types\/post"}],"author":[{"embeddable":true,"href":"https:\/\/www.fundacionmanantial.org\/en\/wp-json\/wp\/v2\/users\/1"}],"replies":[{"embeddable":true,"href":"https:\/\/www.fundacionmanantial.org\/en\/wp-json\/wp\/v2\/comments?post=3659"}],"version-history":[{"count":0,"href":"https:\/\/www.fundacionmanantial.org\/en\/wp-json\/wp\/v2\/posts\/3659\/revisions"}],"wp:featuredmedia":[{"embeddable":true,"href":"https:\/\/www.fundacionmanantial.org\/en\/wp-json\/wp\/v2\/media\/3660"}],"wp:attachment":[{"href":"https:\/\/www.fundacionmanantial.org\/en\/wp-json\/wp\/v2\/media?parent=3659"}],"wp:term":[{"taxonomy":"category","embeddable":true,"href":"https:\/\/www.fundacionmanantial.org\/en\/wp-json\/wp\/v2\/categories?post=3659"},{"taxonomy":"post_tag","embeddable":true,"href":"https:\/\/www.fundacionmanantial.org\/en\/wp-json\/wp\/v2\/tags?post=3659"}],"curies":[{"name":"wp","href":"https:\/\/api.w.org\/{rel}","templated":true}]}}