{"id":3657,"date":"2022-12-15T09:07:33","date_gmt":"2022-12-15T08:07:33","guid":{"rendered":"https:\/\/www.fundacionmanantial.org\/presentacion-de-los-ejes-transversales-de-actuacion-en-la-atencion-de-drogodependencias-y-patologia-dual-en-los-centros-penitenciarios\/"},"modified":"2022-12-15T09:07:33","modified_gmt":"2022-12-15T08:07:33","slug":"presentacion-de-los-ejes-transversales-de-actuacion-en-la-atencion-de-drogodependencias-y-patologia-dual-en-los-centros-penitenciarios","status":"publish","type":"post","link":"https:\/\/www.fundacionmanantial.org\/en\/presentacion-de-los-ejes-transversales-de-actuacion-en-la-atencion-de-drogodependencias-y-patologia-dual-en-los-centros-penitenciarios\/","title":{"rendered":"Presentaci\u00f3n de los ejes transversales de actuaci\u00f3n en la atenci\u00f3n de drogodependencias y patolog\u00eda dual en los centros penitenciarios"},"content":{"rendered":"<p>La <strong>Comisi\u00f3n de Reinserci\u00f3n Social y Salud<\/strong> ha presentado en el Centro Penitenciario de Soto del Real el documento <strong>&#8220;Ejes transversales de actuaci\u00f3n en la atenci\u00f3n de drogodependencias y patolog\u00eda dual&#8221;<\/strong> que definir\u00e1 el marco te\u00f3rico de atenci\u00f3n a estos colectivos en los centros penitenciarios espa\u00f1oles. La Comisi\u00f3n es un espacio de colaboraci\u00f3n entre la <a href=\"https:\/\/www.interior.gob.es\/opencms\/es\/el-ministerio\/funciones-y-estructura\/secretaria-general-de-instituciones-penitenciarias\/\" rel=\"noopener\" target=\"_blank\">Secretar\u00eda General de Instituciones Penitenciarias<\/a> y las entidades del tercer sector, en la que Fundaci\u00f3n Manantial est\u00e1 representada a trav\u00e9s de nuestro compa\u00f1ero Guillermo Barreira, junto con <a href=\"https:\/\/www2.cruzroja.es\/\" rel=\"noopener\" target=\"_blank\">Cruz Roja<\/a>, <a href=\"https:\/\/www.fundacionadsis.org\/es\" rel=\"noopener\" target=\"_blank\">Fundaci\u00f3n Adsis<\/a>, <a href=\"https:\/\/fundacionatenea.org\/\" rel=\"noopener\" target=\"_blank\">Fundaci\u00f3n Atenea<\/a> y <a href=\"https:\/\/www.pastoralpenitenciaria.es\/\" rel=\"noopener\" target=\"_blank\">Pastoral penitenciaria<\/a>. <\/p>\n<p>&#8220;En los \u00faltimos a\u00f1os han sido innumerables los esfuerzos que se han ido realizando en la <strong>intervenci\u00f3n en adicciones y patolog\u00eda dual en el medio penitenciario.<\/strong> Actualmente son muchos los profesionales intra y extrapenitenciarios que trabajan tanto desde la instituci\u00f3n como desde las entidades colaboradoras, y a ellos les debemos nuestra mayor consideraci\u00f3n y respeto. <strong>Acompa\u00f1ar en el camino de la recuperaci\u00f3n personal que permita mejorar h\u00e1bitos, reducir el consumo de riesgo o evitar fallecimientos es nuestra mayor recompensa&#8221;.<\/strong><\/p>\n<p>El objetivo de este documento es trasladar a los profesionales y entidades colaboradoras que trabajan en el medio penitenciario una<br \/>\n<strong>nueva forma de desarrollo de las intervenciones<\/strong>, de forma que integren estos valores y objetivos en la actividad que cada uno realiza, logrando tener un abordaje m\u00e1s completo sobre las diferentes necesidades de las personas privadas de libertad. De esta manera, todas las acciones deben abarcar <strong>acciones de sensibilizaci\u00f3n, psicoeducaci\u00f3n, formaci\u00f3n, coordinaci\u00f3n, soporte y vinculaci\u00f3n<\/strong>.<\/p>\n<p>El documento plantea &#8220;<strong>un abordaje integral e integrador, basado en una atenci\u00f3n m\u00e1s humana, din\u00e1mica y flexible<\/strong>&#8220;. Los ejes transversales son las personas privadas de libertad, los profesionales, las familias y su entorno, que deben estar incluidos en todos los programas de intervenci\u00f3n que se desarrollan en el \u00e1mbito penitenciario en el abordaje de la adicci\u00f3n y la patolog\u00eda dual y se consideran esenciales en el contenido de todos los programas actuales y futuros en el \u00e1mbito penitenciario.<\/p>\n","protected":false},"excerpt":{"rendered":"<p>La Comisi\u00f3n de Reinserci\u00f3n Social y Salud ha presentado en el Centro Penitenciario de Soto del Real el documento &#8220;Ejes transversales de actuaci\u00f3n en la atenci\u00f3n de drogodependencias y patolog\u00eda dual&#8221; que definir\u00e1 el marco te\u00f3rico de atenci\u00f3n a estos colectivos en los centros penitenciarios espa\u00f1oles. La Comisi\u00f3n es un espacio de colaboraci\u00f3n entre la [&hellip;]<\/p>\n","protected":false},"author":1,"featured_media":3658,"comment_status":"closed","ping_status":"closed","sticky":false,"template":"","format":"standard","meta":{"_acf_changed":false,"give_campaign_id":0,"_seopress_robots_primary_cat":"","_seopress_titles_title":"","_seopress_titles_desc":"","_seopress_robots_index":"","footnotes":""},"categories":[34],"tags":[],"class_list":["post-3657","post","type-post","status-publish","format-standard","has-post-thumbnail","hentry","category-noticias-fundacion-manantial"],"acf":[],"_links":{"self":[{"href":"https:\/\/www.fundacionmanantial.org\/en\/wp-json\/wp\/v2\/posts\/3657","targetHints":{"allow":["GET"]}}],"collection":[{"href":"https:\/\/www.fundacionmanantial.org\/en\/wp-json\/wp\/v2\/posts"}],"about":[{"href":"https:\/\/www.fundacionmanantial.org\/en\/wp-json\/wp\/v2\/types\/post"}],"author":[{"embeddable":true,"href":"https:\/\/www.fundacionmanantial.org\/en\/wp-json\/wp\/v2\/users\/1"}],"replies":[{"embeddable":true,"href":"https:\/\/www.fundacionmanantial.org\/en\/wp-json\/wp\/v2\/comments?post=3657"}],"version-history":[{"count":0,"href":"https:\/\/www.fundacionmanantial.org\/en\/wp-json\/wp\/v2\/posts\/3657\/revisions"}],"wp:featuredmedia":[{"embeddable":true,"href":"https:\/\/www.fundacionmanantial.org\/en\/wp-json\/wp\/v2\/media\/3658"}],"wp:attachment":[{"href":"https:\/\/www.fundacionmanantial.org\/en\/wp-json\/wp\/v2\/media?parent=3657"}],"wp:term":[{"taxonomy":"category","embeddable":true,"href":"https:\/\/www.fundacionmanantial.org\/en\/wp-json\/wp\/v2\/categories?post=3657"},{"taxonomy":"post_tag","embeddable":true,"href":"https:\/\/www.fundacionmanantial.org\/en\/wp-json\/wp\/v2\/tags?post=3657"}],"curies":[{"name":"wp","href":"https:\/\/api.w.org\/{rel}","templated":true}]}}