{"id":3655,"date":"2022-12-19T12:18:05","date_gmt":"2022-12-19T11:18:05","guid":{"rendered":"https:\/\/www.fundacionmanantial.org\/estamos-en-linea-contigo-campana-de-fundacion-manantial-en-metro-de-madrid\/"},"modified":"2022-12-19T12:18:05","modified_gmt":"2022-12-19T11:18:05","slug":"estamos-en-linea-contigo-campana-de-fundacion-manantial-en-metro-de-madrid","status":"publish","type":"post","link":"https:\/\/www.fundacionmanantial.org\/en\/estamos-en-linea-contigo-campana-de-fundacion-manantial-en-metro-de-madrid\/","title":{"rendered":"&#8220;Estamos en l\u00ednea contigo&#8221; &#8211; Campa\u00f1a de Fundaci\u00f3n Manantial en Metro de Madrid"},"content":{"rendered":"<p><strong>Fundaci\u00f3n Manantial<\/strong> ha sido elegida como una de las 12 entidades sociales que formar\u00e1n parte de la <strong>campa\u00f1a &#8220;Estamos en l\u00ednea contigo&#8221; de Metro de Madrid<\/strong> esta Navidad. Esta campa\u00f1a da visibilidad a doce causas sociales, cada una en una l\u00ednea de metro. La campa\u00f1a de Fundaci\u00f3n Manantial ir\u00e1 en la <strong>l\u00ednea 8<\/strong>, que conecta la c\u00e9ntrica estaci\u00f3n de Nuevos Ministerios con el aeropuerto de Barajas, pasando por la Feria de Madrid.<\/p>\n<p>Hoy se ha iniciado la campa\u00f1a con un <strong>acto institucional en la estaci\u00f3n de Embajadores<\/strong> en el que un representante de cada entidad ha explicado el objetivo y causa social de sus respectivas entidades junto a <strong><a href=\"https:\/\/www.linkedin.com\/in\/davidperez72\/?originalSubdomain=es\" rel=\"noopener\" target=\"_blank\">David P\u00e9rez<\/a><\/strong><\/a>, consejero de Transportes e Infraestructuras de la Comunidad de Madrid. <strong>Los trabajadores del suburbano, a trav\u00e9s de una votaci\u00f3n interna, han decidido qu\u00e9 entidades sociales son las protagonistas de esta campa\u00f1a<\/strong>, que se lleva desarrollando desde 2016.<\/p>\n<p><strong>La campa\u00f1a de Fundaci\u00f3n Manantial<\/strong> pondr\u00e1 el foco en la <strong>inclusi\u00f3n social y laboral de las personas con problemas de salud mental<\/strong> y la <strong>necesidad de acabar con el estigma<\/strong>. Para ello, la l\u00ednea 8 de Metro proyectar\u00e1 en sus trenes un <strong>v\u00eddeo y carteles<\/strong> que ponen en valor y difunden ese prop\u00f3sito. Adem\u00e1s, Fundaci\u00f3n Manantial contar\u00e1 con <strong>un stand en las estaciones de Nuevos Ministerios y Estaci\u00f3n del arte<\/strong> (antigua Atocha) en el que informar\u00e1 de su trabajo y sensibilizar\u00e1 a la sociedad sobre la importancia de cuidar la salud mental y lograr una inclusi\u00f3n real.<\/p>\n","protected":false},"excerpt":{"rendered":"<p>Fundaci\u00f3n Manantial ha sido elegida como una de las 12 entidades sociales que formar\u00e1n parte de la campa\u00f1a &#8220;Estamos en l\u00ednea contigo&#8221; de Metro de Madrid esta Navidad. Esta campa\u00f1a da visibilidad a doce causas sociales, cada una en una l\u00ednea de metro. La campa\u00f1a de Fundaci\u00f3n Manantial ir\u00e1 en la l\u00ednea 8, que conecta [&hellip;]<\/p>\n","protected":false},"author":1,"featured_media":3656,"comment_status":"closed","ping_status":"closed","sticky":false,"template":"","format":"standard","meta":{"_acf_changed":false,"give_campaign_id":0,"_seopress_robots_primary_cat":"","_seopress_titles_title":"","_seopress_titles_desc":"","_seopress_robots_index":"","footnotes":""},"categories":[34],"tags":[],"class_list":["post-3655","post","type-post","status-publish","format-standard","has-post-thumbnail","hentry","category-noticias-fundacion-manantial"],"acf":[],"_links":{"self":[{"href":"https:\/\/www.fundacionmanantial.org\/en\/wp-json\/wp\/v2\/posts\/3655","targetHints":{"allow":["GET"]}}],"collection":[{"href":"https:\/\/www.fundacionmanantial.org\/en\/wp-json\/wp\/v2\/posts"}],"about":[{"href":"https:\/\/www.fundacionmanantial.org\/en\/wp-json\/wp\/v2\/types\/post"}],"author":[{"embeddable":true,"href":"https:\/\/www.fundacionmanantial.org\/en\/wp-json\/wp\/v2\/users\/1"}],"replies":[{"embeddable":true,"href":"https:\/\/www.fundacionmanantial.org\/en\/wp-json\/wp\/v2\/comments?post=3655"}],"version-history":[{"count":0,"href":"https:\/\/www.fundacionmanantial.org\/en\/wp-json\/wp\/v2\/posts\/3655\/revisions"}],"wp:featuredmedia":[{"embeddable":true,"href":"https:\/\/www.fundacionmanantial.org\/en\/wp-json\/wp\/v2\/media\/3656"}],"wp:attachment":[{"href":"https:\/\/www.fundacionmanantial.org\/en\/wp-json\/wp\/v2\/media?parent=3655"}],"wp:term":[{"taxonomy":"category","embeddable":true,"href":"https:\/\/www.fundacionmanantial.org\/en\/wp-json\/wp\/v2\/categories?post=3655"},{"taxonomy":"post_tag","embeddable":true,"href":"https:\/\/www.fundacionmanantial.org\/en\/wp-json\/wp\/v2\/tags?post=3655"}],"curies":[{"name":"wp","href":"https:\/\/api.w.org\/{rel}","templated":true}]}}