{"id":3653,"date":"2022-12-14T10:55:23","date_gmt":"2022-12-14T09:55:23","guid":{"rendered":"https:\/\/www.fundacionmanantial.org\/el-programa-de-empleo-joven-de-fundacion-manantial-participa-en-el-encuentro-virtual-ips\/"},"modified":"2022-12-14T10:55:23","modified_gmt":"2022-12-14T09:55:23","slug":"el-programa-de-empleo-joven-de-fundacion-manantial-participa-en-el-encuentro-virtual-ips","status":"publish","type":"post","link":"https:\/\/www.fundacionmanantial.org\/en\/el-programa-de-empleo-joven-de-fundacion-manantial-participa-en-el-encuentro-virtual-ips\/","title":{"rendered":"El Programa de Empleo Joven de Fundaci\u00f3n Manantial participa en el Encuentro Virtual IPS"},"content":{"rendered":"<p>El <strong>Programa de Empleo Joven del Centro de Rehabilitaci\u00f3n Laboral &#8220;Fuenlabrada&#8221;<\/strong> ha participado hoy en el <a href=\"https:\/\/www.fadq.org\/portfolio\/proyecto-piloto-metodologia-ips-en-cataluna\/\" rel=\"noopener\" target=\"_blank\"><strong>Encuentro Virtual IPS<\/strong><\/a> (Individual Placement and Support), una metodolog\u00eda de <strong>integraci\u00f3n sociolaboral para personas con problemas graves de salud mental<\/strong> que promueve la inserci\u00f3n en puestos de trabajo competitivos que se implementa en Europa y Estados Unidos. <\/p>\n<p>El Programa de Empleo Joven comenz\u00f3 a funcionar en 2019 como un programa piloto que ofrece <strong>acompa\u00f1amiento especializado, apoyo en la b\u00fasqueda de empleo, formaci\u00f3n e inserci\u00f3n laboral, y apoyo emocional<\/strong>. Actualmente, <strong>atiende a 26 personas<\/strong>. El programa se caracteriza por la r\u00e1pida inserci\u00f3n de los participantes en un empleo o en programas formativos sin pasar por talleres prelaborales. En este momento, el 50% de las personas del Centro de Rehabilitaci\u00f3n Laboral &#8220;Fuenlabrada&#8221;, gestionado por Manantial y concertado con la <a href=\"https:\/\/www.comunidad.madrid\/transparencia\/unidad-organizativa-responsable\/consejeria-familia-juventud-y-politica-social\" rel=\"noopener\" target=\"_blank\">Consejer\u00eda de Familia, Juventud y Pol\u00edtica Social de la Comunidad de Madrid<\/a>, son menores de 25 a\u00f1os.<\/p>\n<p>El <a href=\"https:\/\/www.fadq.org\/\" rel=\"noopener\" target=\"_blank\">Instituto Universitario Avedis Donabedian<\/a> de la <a href=\"https:\/\/www.uab.cat\/web\/universitat-autonoma-de-barcelona-1345467954409.html\" rel=\"noopener\" target=\"_blank\">Universitat Aut\u00f3noma de Barcelona<\/a> ha organizado el encuentro con las entidades espa\u00f1olas que se acercan a esta metodolog\u00eda. Por parte de Fundaci\u00f3n Manantial, participa el Programa de Fuenlabrada junto con la <a href=\"https:\/\/www.fundaciodrissa.com\/ca\/#gsc.tab=0\" rel=\"noopener\" target=\"_blank\">Fundaci\u00f3n Drissa de Girona<\/a>, <a href=\"https:\/\/creap.imserso.es\/web\/creap-valencia\" rel=\"noopener\" target=\"_blank\">Creap de Valencia<\/a> y <a href=\"https:\/\/sinpromi.es\/\" rel=\"noopener\" target=\"_blank\">Simpromi de Tenerife<\/a>, entre otros, que han contado al resto en qu\u00e9 consisten sus respectivas iniciativas.<\/p>\n","protected":false},"excerpt":{"rendered":"<p>El Programa de Empleo Joven del Centro de Rehabilitaci\u00f3n Laboral &#8220;Fuenlabrada&#8221; ha participado hoy en el Encuentro Virtual IPS (Individual Placement and Support), una metodolog\u00eda de integraci\u00f3n sociolaboral para personas con problemas graves de salud mental que promueve la inserci\u00f3n en puestos de trabajo competitivos que se implementa en Europa y Estados Unidos. El Programa [&hellip;]<\/p>\n","protected":false},"author":1,"featured_media":3654,"comment_status":"closed","ping_status":"closed","sticky":false,"template":"","format":"standard","meta":{"_acf_changed":false,"give_campaign_id":0,"_seopress_robots_primary_cat":"","_seopress_titles_title":"","_seopress_titles_desc":"","_seopress_robots_index":"","footnotes":""},"categories":[34],"tags":[60,84,85,61,63,65],"class_list":["post-3653","post","type-post","status-publish","format-standard","has-post-thumbnail","hentry","category-noticias-fundacion-manantial","tag-empleo","tag-formacion","tag-fundacion-manantial","tag-inclusion","tag-laboral","tag-salud-mental"],"acf":[],"_links":{"self":[{"href":"https:\/\/www.fundacionmanantial.org\/en\/wp-json\/wp\/v2\/posts\/3653","targetHints":{"allow":["GET"]}}],"collection":[{"href":"https:\/\/www.fundacionmanantial.org\/en\/wp-json\/wp\/v2\/posts"}],"about":[{"href":"https:\/\/www.fundacionmanantial.org\/en\/wp-json\/wp\/v2\/types\/post"}],"author":[{"embeddable":true,"href":"https:\/\/www.fundacionmanantial.org\/en\/wp-json\/wp\/v2\/users\/1"}],"replies":[{"embeddable":true,"href":"https:\/\/www.fundacionmanantial.org\/en\/wp-json\/wp\/v2\/comments?post=3653"}],"version-history":[{"count":0,"href":"https:\/\/www.fundacionmanantial.org\/en\/wp-json\/wp\/v2\/posts\/3653\/revisions"}],"wp:featuredmedia":[{"embeddable":true,"href":"https:\/\/www.fundacionmanantial.org\/en\/wp-json\/wp\/v2\/media\/3654"}],"wp:attachment":[{"href":"https:\/\/www.fundacionmanantial.org\/en\/wp-json\/wp\/v2\/media?parent=3653"}],"wp:term":[{"taxonomy":"category","embeddable":true,"href":"https:\/\/www.fundacionmanantial.org\/en\/wp-json\/wp\/v2\/categories?post=3653"},{"taxonomy":"post_tag","embeddable":true,"href":"https:\/\/www.fundacionmanantial.org\/en\/wp-json\/wp\/v2\/tags?post=3653"}],"curies":[{"name":"wp","href":"https:\/\/api.w.org\/{rel}","templated":true}]}}