{"id":3651,"date":"2022-12-05T10:00:07","date_gmt":"2022-12-05T09:00:07","guid":{"rendered":"https:\/\/www.fundacionmanantial.org\/ricamente-ganador-de-la-convocatoria-workin-2022-de-fundacion-eurocaja-rural\/"},"modified":"2022-12-05T10:00:07","modified_gmt":"2022-12-05T09:00:07","slug":"ricamente-ganador-de-la-convocatoria-workin-2022-de-fundacion-eurocaja-rural","status":"publish","type":"post","link":"https:\/\/www.fundacionmanantial.org\/en\/ricamente-ganador-de-la-convocatoria-workin-2022-de-fundacion-eurocaja-rural\/","title":{"rendered":"RicaMente, ganador de la Convocatoria WORKIN 2022 de Fundaci\u00f3n Eurocaja Rural"},"content":{"rendered":"<p><strong>RicaMente<\/strong>, el proyecto de creaci\u00f3n de empleo en el sector de la hosteler\u00eda para personas con problemas de salud mental de Fundaci\u00f3n Manantial, es uno de las 20 proyectos ganadores de las ayudas &#8216;WORKIN&#8217; para mejorar la inserci\u00f3n laboral de personas con discapacidad que otorga la <a href=\"https:\/\/eurocajarural.es\/institucional\/noticias\/ver?noticia.id=5208\" rel=\"noopener\" target=\"_blank\">Fundaci\u00f3n Eurocaja Rural<\/a>.<\/p>\n<p>Todos los proyectos elegidos tienen como objetivo <strong>buscar una inclusi\u00f3n social real de las personas con discapacidad<\/strong>. Adem\u00e1s, son iniciativas transformadoras e innovadoras, que cumplen con la Agenda 2030 de <strong><a href=\"https:\/\/www.un.org\/sustainabledevelopment\/es\/objetivos-de-desarrollo-sostenible\/\" rel=\"noopener\" target=\"_blank\">Desarrollo Sostenible<\/a><\/strong>, tal y como se conmemora este a\u00f1o en la celebraci\u00f3n del <strong>D\u00eda Internacional de las Personas con Discapacidad<\/strong>.<\/p>\n<p><strong>Solo el 17 % de las personas con discapacidad por un problema de salud mental logra acceder al mercado laboral<\/strong>, a pesar de los beneficios que supone tener un empleo para el bienestar emocional. La alta tasa de desempleo evidencia que <strong>sigue existiendo un gran estigma y muchas empresas siguen mostr\u00e1ndose reticentes a incluir en sus plantillas a estos trabajadores y trabajadoras.<\/strong> Este reconocimiento de Fundaci\u00f3n Eurocaja Rural supone <strong>un paso m\u00e1s para acabar con el estigma y lograr la plena inclusi\u00f3n<\/strong>.<\/p>\n","protected":false},"excerpt":{"rendered":"<p>RicaMente, el proyecto de creaci\u00f3n de empleo en el sector de la hosteler\u00eda para personas con problemas de salud mental de Fundaci\u00f3n Manantial, es uno de las 20 proyectos ganadores de las ayudas &#8216;WORKIN&#8217; para mejorar la inserci\u00f3n laboral de personas con discapacidad que otorga la Fundaci\u00f3n Eurocaja Rural. Todos los proyectos elegidos tienen como [&hellip;]<\/p>\n","protected":false},"author":1,"featured_media":3652,"comment_status":"closed","ping_status":"closed","sticky":false,"template":"","format":"standard","meta":{"_acf_changed":false,"give_campaign_id":0,"_seopress_robots_primary_cat":"","_seopress_titles_title":"","_seopress_titles_desc":"","_seopress_robots_index":"","footnotes":""},"categories":[34],"tags":[60,242,61,63,150,156,220,380],"class_list":["post-3651","post","type-post","status-publish","format-standard","has-post-thumbnail","hentry","category-noticias-fundacion-manantial","tag-empleo","tag-fundacionmanantial","tag-inclusion","tag-laboral","tag-manantial-integra","tag-premios","tag-reconocimiento","tag-ricamente"],"acf":[],"_links":{"self":[{"href":"https:\/\/www.fundacionmanantial.org\/en\/wp-json\/wp\/v2\/posts\/3651","targetHints":{"allow":["GET"]}}],"collection":[{"href":"https:\/\/www.fundacionmanantial.org\/en\/wp-json\/wp\/v2\/posts"}],"about":[{"href":"https:\/\/www.fundacionmanantial.org\/en\/wp-json\/wp\/v2\/types\/post"}],"author":[{"embeddable":true,"href":"https:\/\/www.fundacionmanantial.org\/en\/wp-json\/wp\/v2\/users\/1"}],"replies":[{"embeddable":true,"href":"https:\/\/www.fundacionmanantial.org\/en\/wp-json\/wp\/v2\/comments?post=3651"}],"version-history":[{"count":0,"href":"https:\/\/www.fundacionmanantial.org\/en\/wp-json\/wp\/v2\/posts\/3651\/revisions"}],"wp:featuredmedia":[{"embeddable":true,"href":"https:\/\/www.fundacionmanantial.org\/en\/wp-json\/wp\/v2\/media\/3652"}],"wp:attachment":[{"href":"https:\/\/www.fundacionmanantial.org\/en\/wp-json\/wp\/v2\/media?parent=3651"}],"wp:term":[{"taxonomy":"category","embeddable":true,"href":"https:\/\/www.fundacionmanantial.org\/en\/wp-json\/wp\/v2\/categories?post=3651"},{"taxonomy":"post_tag","embeddable":true,"href":"https:\/\/www.fundacionmanantial.org\/en\/wp-json\/wp\/v2\/tags?post=3651"}],"curies":[{"name":"wp","href":"https:\/\/api.w.org\/{rel}","templated":true}]}}