{"id":3649,"date":"2022-12-02T08:41:05","date_gmt":"2022-12-02T07:41:05","guid":{"rendered":"https:\/\/www.fundacionmanantial.org\/fundacion-manantial-y-fundacion-salud-y-comunidad-firman-un-acuerdo-para-mejorar-la-empleabilidad-en-salud-mental\/"},"modified":"2022-12-02T08:41:05","modified_gmt":"2022-12-02T07:41:05","slug":"fundacion-manantial-y-fundacion-salud-y-comunidad-firman-un-acuerdo-para-mejorar-la-empleabilidad-en-salud-mental","status":"publish","type":"post","link":"https:\/\/www.fundacionmanantial.org\/en\/fundacion-manantial-y-fundacion-salud-y-comunidad-firman-un-acuerdo-para-mejorar-la-empleabilidad-en-salud-mental\/","title":{"rendered":"Fundaci\u00f3n Manantial y Fundaci\u00f3n Salud y Comunidad firman un acuerdo para mejorar la empleabilidad en salud mental"},"content":{"rendered":"<p><strong>Fundaci\u00f3n Manantial<\/strong> ha firmado un acuerdo de colaboraci\u00f3n con <a href=\"https:\/\/www.fsyc.org\/\" rel=\"noopener\" target=\"_blank\"><strong>Fundaci\u00f3n Salud y Comunidad (FSC)<\/strong><\/a> para <strong>mejorar la empleabilidad<\/strong> de las personas atendidas en los <strong>Centros de Rehabilitaci\u00f3n Laboral<\/strong> de la entidad a trav\u00e9s del <a href=\"https:\/\/www.fsyc.org\/insercion-social-y-empleo\/contribuyendo-a-la-mejora-social-a-traves-del-programa-estrategico-de-responsabilidad-social-y-especializacion-ocupacional-perseo-de-fsc\/\" rel=\"noopener\" target=\"_blank\">Programa Estrat\u00e9gico de Responsabilidad Social y Especializaci\u00f3n Ocupacional (<strong>PERSEO<\/strong>)<\/a>. Este programa est\u00e1 desarrollado por el \u00c1rea Laboral para la Innovaci\u00f3n y Acompa\u00f1amiento en el Desarrollo Ocupacional y Social (Aliad@s) de FSC desde el a\u00f1o 2020 y financiado por la Secretaria de Estado de Derechos Sociales del <a href=\"https:\/\/www.mdsocialesa2030.gob.es\/\" rel=\"noopener\" target=\"_blank\"><strong>Ministerio de Derechos Sociales y Agenda 2030<\/strong><\/a> del Gobierno de Espa\u00f1a.<\/p>\n<p>Perseo desarrolla dos l\u00edneas de trabajo con el tejido empresarial, la l\u00ednea de <strong>Sensibilizaci\u00f3n<\/strong> y la de <strong>Intermediaci\u00f3n<\/strong>, ambas \u00edntimamente relacionadas para as\u00ed poder potenciar el empleo como instrumento de inclusi\u00f3n social. A lo largo de estos dos a\u00f1os de desarrollo del Programa, se ha trabajado en estas dos l\u00edneas con m\u00e1s de 500 empresas.<\/p>\n<p><strong>Fundaci\u00f3n Salud y Comunidad (FSC)<\/strong> es una organizaci\u00f3n sin \u00e1nimo de lucro, de \u00e1mbito estatal y con proyecci\u00f3n internacional que cuenta con una s\u00f3lida y amplia experiencia en el fomento, creaci\u00f3n y gesti\u00f3n de servicios de calidad destinados al <strong>tratamiento, prevenci\u00f3n y sensibilizaci\u00f3n<\/strong> sobre diversas problem\u00e1ticas sociales y sanitarias.<\/p>\n","protected":false},"excerpt":{"rendered":"<p>Fundaci\u00f3n Manantial ha firmado un acuerdo de colaboraci\u00f3n con Fundaci\u00f3n Salud y Comunidad (FSC) para mejorar la empleabilidad de las personas atendidas en los Centros de Rehabilitaci\u00f3n Laboral de la entidad a trav\u00e9s del Programa Estrat\u00e9gico de Responsabilidad Social y Especializaci\u00f3n Ocupacional (PERSEO). Este programa est\u00e1 desarrollado por el \u00c1rea Laboral para la Innovaci\u00f3n y [&hellip;]<\/p>\n","protected":false},"author":1,"featured_media":3650,"comment_status":"closed","ping_status":"closed","sticky":false,"template":"","format":"standard","meta":{"_acf_changed":false,"give_campaign_id":0,"_seopress_robots_primary_cat":"","_seopress_titles_title":"","_seopress_titles_desc":"","_seopress_robots_index":"","footnotes":""},"categories":[34],"tags":[60,84,85,61,404,63,405,180,111],"class_list":["post-3649","post","type-post","status-publish","format-standard","has-post-thumbnail","hentry","category-noticias-fundacion-manantial","tag-empleo","tag-formacion","tag-fundacion-manantial","tag-inclusion","tag-intermediacion","tag-laboral","tag-perseo","tag-saludmental","tag-sensibilizacion"],"acf":[],"_links":{"self":[{"href":"https:\/\/www.fundacionmanantial.org\/en\/wp-json\/wp\/v2\/posts\/3649","targetHints":{"allow":["GET"]}}],"collection":[{"href":"https:\/\/www.fundacionmanantial.org\/en\/wp-json\/wp\/v2\/posts"}],"about":[{"href":"https:\/\/www.fundacionmanantial.org\/en\/wp-json\/wp\/v2\/types\/post"}],"author":[{"embeddable":true,"href":"https:\/\/www.fundacionmanantial.org\/en\/wp-json\/wp\/v2\/users\/1"}],"replies":[{"embeddable":true,"href":"https:\/\/www.fundacionmanantial.org\/en\/wp-json\/wp\/v2\/comments?post=3649"}],"version-history":[{"count":0,"href":"https:\/\/www.fundacionmanantial.org\/en\/wp-json\/wp\/v2\/posts\/3649\/revisions"}],"wp:featuredmedia":[{"embeddable":true,"href":"https:\/\/www.fundacionmanantial.org\/en\/wp-json\/wp\/v2\/media\/3650"}],"wp:attachment":[{"href":"https:\/\/www.fundacionmanantial.org\/en\/wp-json\/wp\/v2\/media?parent=3649"}],"wp:term":[{"taxonomy":"category","embeddable":true,"href":"https:\/\/www.fundacionmanantial.org\/en\/wp-json\/wp\/v2\/categories?post=3649"},{"taxonomy":"post_tag","embeddable":true,"href":"https:\/\/www.fundacionmanantial.org\/en\/wp-json\/wp\/v2\/tags?post=3649"}],"curies":[{"name":"wp","href":"https:\/\/api.w.org\/{rel}","templated":true}]}}