{"id":3647,"date":"2022-11-24T12:50:05","date_gmt":"2022-11-24T11:50:05","guid":{"rendered":"https:\/\/www.fundacionmanantial.org\/jornada-de-puertas-abiertas-en-manantial-vilamico-para-mejorar-la-inclusion-laboral\/"},"modified":"2022-11-24T12:50:05","modified_gmt":"2022-11-24T11:50:05","slug":"jornada-de-puertas-abiertas-en-manantial-vilamico-para-mejorar-la-inclusion-laboral","status":"publish","type":"post","link":"https:\/\/www.fundacionmanantial.org\/en\/jornada-de-puertas-abiertas-en-manantial-vilamico-para-mejorar-la-inclusion-laboral\/","title":{"rendered":"Jornada de puertas abiertas en Manantial Vilamico para mejorar la inclusi\u00f3n laboral"},"content":{"rendered":"<p><a href=\"https:\/\/manantialvilamico.org\/\" rel=\"noopener\" target=\"_blank\">Manantial Vilamico<\/a>, el proyecto social de cultivo de champi\u00f1\u00f3n de Fundaci\u00f3n Manantial en Vila-real (Castell\u00f3n) que <strong>genera empleo para 17 profesionales con problemas de salud mental que son, a su vez socios y socias del proyecto<\/strong>, celebra unas <strong>jornadas de puertas abiertas los d\u00edas 24 de noviembre y 15 de diciembre<\/strong>. <\/p>\n<p>El objetivo es que los <strong>recursos psicosociales, Unidades de Salud Mental, entidades de intermediaci\u00f3n y asociaciones<\/strong> conozcan la actividad del Centro Especial de Empleo y el perfil de puesto de recolector de champi\u00f1\u00f3n, es decir, ser un espacio de encuentro en el que reunirse con agentes del entorno comunitario que atienden a <strong>personas con problemas de salud mental que est\u00e1n en b\u00fasqueda activa de empleo<\/strong>, de forma que puedan conocer de primera mano las l\u00edneas de negocio de <strong>Manantial Integra y Manantial Vilamico<\/strong> para informar sobre ellas.<\/p>\n<p>Durante estas dos jornadas, se informar\u00e1 tambi\u00e9n del <strong>Servicio de Ajuste Personal y Social<\/strong> que acompa\u00f1a al trabajador desde el inicio del proceso de selecci\u00f3n, as\u00ed como de la derivaci\u00f3n al <strong>Programa \u00abItinerarios Integrados de Inserci\u00f3n Sociolaboral de personas adultas con problemas de salud mental\u00bb<\/strong>, que se desarrolla en el marco del Programa Operativo del Fondo Social Europeo 2014-2020, a trav\u00e9s de la <a href=\"https:\/\/inclusio.gva.es\/es\" rel=\"noopener\" target=\"_blank\">Conselleria de Igualdad y Pol\u00edticas Inclusivas<\/a>.<\/p>\n<p>Los asistentes podr\u00e1n reflexionar y compartir las necesidades que est\u00e1n encontrando en las personas que atienden, las dificultades de acceso al empleo y el perfil de los candidatos.<\/p>\n","protected":false},"excerpt":{"rendered":"<p>Manantial Vilamico, el proyecto social de cultivo de champi\u00f1\u00f3n de Fundaci\u00f3n Manantial en Vila-real (Castell\u00f3n) que genera empleo para 17 profesionales con problemas de salud mental que son, a su vez socios y socias del proyecto, celebra unas jornadas de puertas abiertas los d\u00edas 24 de noviembre y 15 de diciembre. El objetivo es que [&hellip;]<\/p>\n","protected":false},"author":1,"featured_media":3648,"comment_status":"closed","ping_status":"closed","sticky":false,"template":"","format":"standard","meta":{"_acf_changed":false,"give_campaign_id":0,"_seopress_robots_primary_cat":"","_seopress_titles_title":"","_seopress_titles_desc":"","_seopress_robots_index":"","footnotes":""},"categories":[34],"tags":[206,56,60,403,85,61,63,65,66,265],"class_list":["post-3647","post","type-post","status-publish","format-standard","has-post-thumbnail","hentry","category-noticias-fundacion-manantial","tag-cee","tag-discapacidad","tag-empleo","tag-formacipm","tag-fundacion-manantial","tag-inclusion","tag-laboral","tag-salud-mental","tag-vilamico","tag-villarreal"],"acf":[],"_links":{"self":[{"href":"https:\/\/www.fundacionmanantial.org\/en\/wp-json\/wp\/v2\/posts\/3647","targetHints":{"allow":["GET"]}}],"collection":[{"href":"https:\/\/www.fundacionmanantial.org\/en\/wp-json\/wp\/v2\/posts"}],"about":[{"href":"https:\/\/www.fundacionmanantial.org\/en\/wp-json\/wp\/v2\/types\/post"}],"author":[{"embeddable":true,"href":"https:\/\/www.fundacionmanantial.org\/en\/wp-json\/wp\/v2\/users\/1"}],"replies":[{"embeddable":true,"href":"https:\/\/www.fundacionmanantial.org\/en\/wp-json\/wp\/v2\/comments?post=3647"}],"version-history":[{"count":0,"href":"https:\/\/www.fundacionmanantial.org\/en\/wp-json\/wp\/v2\/posts\/3647\/revisions"}],"wp:featuredmedia":[{"embeddable":true,"href":"https:\/\/www.fundacionmanantial.org\/en\/wp-json\/wp\/v2\/media\/3648"}],"wp:attachment":[{"href":"https:\/\/www.fundacionmanantial.org\/en\/wp-json\/wp\/v2\/media?parent=3647"}],"wp:term":[{"taxonomy":"category","embeddable":true,"href":"https:\/\/www.fundacionmanantial.org\/en\/wp-json\/wp\/v2\/categories?post=3647"},{"taxonomy":"post_tag","embeddable":true,"href":"https:\/\/www.fundacionmanantial.org\/en\/wp-json\/wp\/v2\/tags?post=3647"}],"curies":[{"name":"wp","href":"https:\/\/api.w.org\/{rel}","templated":true}]}}