{"id":3643,"date":"2022-11-24T09:50:51","date_gmt":"2022-11-24T08:50:51","guid":{"rendered":"https:\/\/www.fundacionmanantial.org\/xi-carrera-por-la-salud-mental-2023\/"},"modified":"2022-11-24T09:50:51","modified_gmt":"2022-11-24T08:50:51","slug":"xi-carrera-por-la-salud-mental-2023","status":"publish","type":"post","link":"https:\/\/www.fundacionmanantial.org\/en\/xi-carrera-por-la-salud-mental-2023\/","title":{"rendered":"XI Carrera por la Salud Mental 2023"},"content":{"rendered":"<p><strong>Tender puentes y derribar los muros del estigma y la discriminaci\u00f3n en salud mental<\/strong> es el objetivo de la carrera que organizamos todos los a\u00f1os en Fundaci\u00f3n Manantial. <\/p>\n<p><strong>Nuestro prop\u00f3sito es mejorar la atenci\u00f3n<\/strong> de las personas con problemas de salud mental y <strong>promover su inclusi\u00f3n social y laboral.<\/strong><\/p>\n<p><strong>\u00a1Te esperamos el pr\u00f3ximo 5 de febrero de 2023 en la XI Carrera por la Salud Mental!<\/strong><\/p>\n<p><strong>Hasta el 30 de noviembre podr\u00e1s disfrutar de un descuento en tus inscripciones.<\/strong> \u00a1Aprovecha la promoci\u00f3n!<\/p>\n<p style=\"text-align:center\"<strong><a class=\"btn btn-primary\" href=\"http:\/\/www.carrerasaludmental.com\/inscripciones\" target=\"_blank\" rel=\"noopener\">Inscripciones<\/a><\/strong><\/p>\n<p style=\"text-align:center\"<strong><a class=\"btn btn-primary\" href=\"https:\/\/www.carrerasaludmental.com\/recorridos\/\" target=\"_blank\" rel=\"noopener\">Ver recorridos<\/a><\/strong><br \/>\n&nbsp;<\/p>\n<div>\n<p><strong>Apoya nuestros proyectos de impacto social<\/strong><\/p>\n<p>Si eres una empresa diversa e inclusiva en salud mental, patrocina los dorsales de tus empleados o convi\u00e9rtete en patrocinador del evento. Todos los ingresos ir\u00e1n destinados a nuestros proyectos de inclusi\u00f3n laboral. Cons\u00faltanos en comunicacion@fundacionmanantial.org<br \/>\n&nbsp;<\/p>\n<div>\n<p>Sigue la carrera en <a href=\"https:\/\/www.facebook.com\/FundacionManantial\/\" rel=\"noopener\" target=\"_blank\">Facebook<\/a>, <a href=\"https:\/\/www.instagram.com\/fundacionmanantial\" rel=\"noopener\" target=\"_blank\">Instagram<\/a> y <a href=\"https:\/\/twitter.com\/FundManantial\" rel=\"noopener\" target=\"_blank\">Twitter<\/a> con el hashtag #CarreraSaludMental.<\/p>\n","protected":false},"excerpt":{"rendered":"<p>Tender puentes y derribar los muros del estigma y la discriminaci\u00f3n en salud mental es el objetivo de la carrera que organizamos todos los a\u00f1os en Fundaci\u00f3n Manantial. Nuestro prop\u00f3sito es mejorar la atenci\u00f3n de las personas con problemas de salud mental y promover su inclusi\u00f3n social y laboral. \u00a1Te esperamos el pr\u00f3ximo 5 de [&hellip;]<\/p>\n","protected":false},"author":1,"featured_media":3644,"comment_status":"closed","ping_status":"closed","sticky":false,"template":"","format":"standard","meta":{"_acf_changed":false,"give_campaign_id":0,"_seopress_robots_primary_cat":"","_seopress_titles_title":"","_seopress_titles_desc":"","_seopress_robots_index":"","footnotes":""},"categories":[34],"tags":[209,60,242,61,367,69,399,64,180,243],"class_list":["post-3643","post","type-post","status-publish","format-standard","has-post-thumbnail","hentry","category-noticias-fundacion-manantial","tag-carrera","tag-empleo","tag-fundacionmanantial","tag-inclusion","tag-madrid","tag-ocio","tag-planes","tag-recuperacion","tag-saludmental","tag-solidaria"],"acf":[],"_links":{"self":[{"href":"https:\/\/www.fundacionmanantial.org\/en\/wp-json\/wp\/v2\/posts\/3643","targetHints":{"allow":["GET"]}}],"collection":[{"href":"https:\/\/www.fundacionmanantial.org\/en\/wp-json\/wp\/v2\/posts"}],"about":[{"href":"https:\/\/www.fundacionmanantial.org\/en\/wp-json\/wp\/v2\/types\/post"}],"author":[{"embeddable":true,"href":"https:\/\/www.fundacionmanantial.org\/en\/wp-json\/wp\/v2\/users\/1"}],"replies":[{"embeddable":true,"href":"https:\/\/www.fundacionmanantial.org\/en\/wp-json\/wp\/v2\/comments?post=3643"}],"version-history":[{"count":0,"href":"https:\/\/www.fundacionmanantial.org\/en\/wp-json\/wp\/v2\/posts\/3643\/revisions"}],"wp:featuredmedia":[{"embeddable":true,"href":"https:\/\/www.fundacionmanantial.org\/en\/wp-json\/wp\/v2\/media\/3644"}],"wp:attachment":[{"href":"https:\/\/www.fundacionmanantial.org\/en\/wp-json\/wp\/v2\/media?parent=3643"}],"wp:term":[{"taxonomy":"category","embeddable":true,"href":"https:\/\/www.fundacionmanantial.org\/en\/wp-json\/wp\/v2\/categories?post=3643"},{"taxonomy":"post_tag","embeddable":true,"href":"https:\/\/www.fundacionmanantial.org\/en\/wp-json\/wp\/v2\/tags?post=3643"}],"curies":[{"name":"wp","href":"https:\/\/api.w.org\/{rel}","templated":true}]}}