{"id":3639,"date":"2022-11-23T07:26:50","date_gmt":"2022-11-23T06:26:50","guid":{"rendered":"https:\/\/www.fundacionmanantial.org\/presentacion-del-libro-contra-el-diagnostico-en-fundacion-manantial\/"},"modified":"2022-11-23T07:26:50","modified_gmt":"2022-11-23T06:26:50","slug":"presentacion-del-libro-contra-el-diagnostico-en-fundacion-manantial","status":"publish","type":"post","link":"https:\/\/www.fundacionmanantial.org\/en\/presentacion-del-libro-contra-el-diagnostico-en-fundacion-manantial\/","title":{"rendered":"Presentaci\u00f3n del libro &#8220;Contra el diagn\u00f3stico&#8221; en Fundaci\u00f3n Manantial"},"content":{"rendered":"<p>El pr\u00f3ximo jueves <strong>1 de diciembre<\/strong>, Marcos Obreg\u00f3n presentar\u00e1 su libro <a href=\"https:\/\/www.amazon.es\/Contra-El-Diagn%C3%B3stico-Desmontando-enfermedad\/dp\/8412473965\" rel=\"noopener\" target=\"_blank\">&#8220;Contra el diagn\u00f3stico: desmontando la enfermedad mental&#8221;<\/a> en Fundaci\u00f3n Manantial.<\/p>\n<p>&#8220;Desde que sufr\u00ed una rotura (brote psic\u00f3tico) en oto\u00f1o de 2005 he dedicado muchas horas a <strong>intentar descifrar qu\u00e9 es lo que ocurri\u00f3.<\/strong> He tenido que <strong>replantearme mi lugar en el mundo<\/strong>, lo que me revel\u00f3 una profunda sensaci\u00f3n de soledad que me hab\u00eda acompa\u00f1ado en silencio hasta entonces&#8221;. Marcos Obreg\u00f3n, embajador de <a href=\"https:\/\/radionikosia.org\/es\/quienes-somos\/\" rel=\"noopener\" target=\"_blank\">Radio Nikosia<\/a>, <strong>lucha por la dignidad de las personas se\u00f1aladas con un diagn\u00f3stico psiqui\u00e1trico.<\/strong><\/p>\n<p>Marcos Obreg\u00f3n aborda en &#8220;Contra el diagn\u00f3stico&#8221; <strong>qu\u00e9 hacemos con el sufrimiento en la sociedad del malestar<\/strong>. <strong>&#8220;Mi diagn\u00f3stico me puso bajo sospecha desde el mismo instante en el que se decret\u00f3<\/strong>. Mis tristezas pasaron en un abrir y cerrar de ojos a ser tildadas de patol\u00f3gicas; mis alegr\u00edas tambi\u00e9n&#8221;, afirma el autor en el libro.<\/p>\n<p>&#8220;<strong>La salud mental y el silencio est\u00e1n muy relacionadas.<\/strong> Todos los malestares est\u00e1n sancionados y los asociamos a la falta de productividad o a una verdad que nos incomoda. Vivimos con esa m\u00e1scara constante para evitar el riesgo de ser excluidos&#8221;.<\/p>\n<p>El <strong>1 de diciembre a las 16:00 h<\/strong> presentar\u00e1 el libro en la <a href=\"https:\/\/g.page\/FundacionManantial?share\" rel=\"noopener\" target=\"_blank\">sede de Fundaci\u00f3n Manantial<\/a> (Calle Poeta Esteban de Villegas, 12, bajo posterior, Madrid).<\/p>\n<p>&nbsp;<\/p>\n<div>\n<strong><a class=\"btn btn-primary\" href=\"https:\/\/iframe.deporticket.com\/web-formulario\/20299-inscripcion\" target=\"_blank\" rel=\"noopener\">Inscripci\u00f3n a la presentaci\u00f3n<\/a><\/strong><br \/>\n&nbsp;<\/p>\n<div>\n","protected":false},"excerpt":{"rendered":"<p>El pr\u00f3ximo jueves 1 de diciembre, Marcos Obreg\u00f3n presentar\u00e1 su libro &#8220;Contra el diagn\u00f3stico: desmontando la enfermedad mental&#8221; en Fundaci\u00f3n Manantial. &#8220;Desde que sufr\u00ed una rotura (brote psic\u00f3tico) en oto\u00f1o de 2005 he dedicado muchas horas a intentar descifrar qu\u00e9 es lo que ocurri\u00f3. He tenido que replantearme mi lugar en el mundo, lo que [&hellip;]<\/p>\n","protected":false},"author":1,"featured_media":3640,"comment_status":"closed","ping_status":"closed","sticky":false,"template":"","format":"standard","meta":{"_acf_changed":false,"give_campaign_id":0,"_seopress_robots_primary_cat":"","_seopress_titles_title":"","_seopress_titles_desc":"","_seopress_robots_index":"","footnotes":""},"categories":[34],"tags":[394,395,396,397],"class_list":["post-3639","post","type-post","status-publish","format-standard","has-post-thumbnail","hentry","category-noticias-fundacion-manantial","tag-contra-el-diagnostico","tag-lectura","tag-libro","tag-marcos-obregon"],"acf":[],"_links":{"self":[{"href":"https:\/\/www.fundacionmanantial.org\/en\/wp-json\/wp\/v2\/posts\/3639","targetHints":{"allow":["GET"]}}],"collection":[{"href":"https:\/\/www.fundacionmanantial.org\/en\/wp-json\/wp\/v2\/posts"}],"about":[{"href":"https:\/\/www.fundacionmanantial.org\/en\/wp-json\/wp\/v2\/types\/post"}],"author":[{"embeddable":true,"href":"https:\/\/www.fundacionmanantial.org\/en\/wp-json\/wp\/v2\/users\/1"}],"replies":[{"embeddable":true,"href":"https:\/\/www.fundacionmanantial.org\/en\/wp-json\/wp\/v2\/comments?post=3639"}],"version-history":[{"count":0,"href":"https:\/\/www.fundacionmanantial.org\/en\/wp-json\/wp\/v2\/posts\/3639\/revisions"}],"wp:featuredmedia":[{"embeddable":true,"href":"https:\/\/www.fundacionmanantial.org\/en\/wp-json\/wp\/v2\/media\/3640"}],"wp:attachment":[{"href":"https:\/\/www.fundacionmanantial.org\/en\/wp-json\/wp\/v2\/media?parent=3639"}],"wp:term":[{"taxonomy":"category","embeddable":true,"href":"https:\/\/www.fundacionmanantial.org\/en\/wp-json\/wp\/v2\/categories?post=3639"},{"taxonomy":"post_tag","embeddable":true,"href":"https:\/\/www.fundacionmanantial.org\/en\/wp-json\/wp\/v2\/tags?post=3639"}],"curies":[{"name":"wp","href":"https:\/\/api.w.org\/{rel}","templated":true}]}}