{"id":3635,"date":"2022-11-04T08:59:47","date_gmt":"2022-11-04T07:59:47","guid":{"rendered":"https:\/\/www.fundacionmanantial.org\/la-investigacion-de-fundacion-manantial-concluye-que-el-empleo-tiene-un-impacto-positivo-en-las-personas-con-problemas-de-salud-mental\/"},"modified":"2022-11-04T08:59:47","modified_gmt":"2022-11-04T07:59:47","slug":"la-investigacion-de-fundacion-manantial-concluye-que-el-empleo-tiene-un-impacto-positivo-en-las-personas-con-problemas-de-salud-mental","status":"publish","type":"post","link":"https:\/\/www.fundacionmanantial.org\/en\/la-investigacion-de-fundacion-manantial-concluye-que-el-empleo-tiene-un-impacto-positivo-en-las-personas-con-problemas-de-salud-mental\/","title":{"rendered":"La investigaci\u00f3n de Fundaci\u00f3n Manantial concluye que el empleo tiene un impacto positivo en las personas con problemas de salud mental"},"content":{"rendered":"<p>Hoy ha tenido lugar la <a href=\"https:\/\/elastic-antonelli.5-250-189-237.plesk.page\/sala-de-prensa\/jornada-inclusion-laboral-en-salud-mental-y-organizaciones-saludables\/\" rel=\"noopener\" target=\"_blank\">XIX Jornada anual &#8220;Inclusi\u00f3n laboral en salud mental y organizaciones saludables&#8221;<\/a> organizada por Fundaci\u00f3n Manantial en el auditorio de CaixaForum Madrid.<\/p>\n<p>El acto ha sido inaugurado por <strong><a href=\"https:\/\/twitter.com\/atimermans\" rel=\"noopener\" target=\"_blank\">Alfredo Timermans<\/a><\/strong>, viceconsejero de Empleo de la <a href=\"https:\/\/www.comunidad.madrid\/transparencia\/unidad-organizativa-responsable\/consejeria-economia-hacienda-y-empleo\" rel=\"noopener\" target=\"_blank\">Consejer\u00eda de Econom\u00eda, Hacienda y Empleo de la Comunidad de Madrid<\/a> y <strong>Francisco Sardina<\/strong>, presidente del Patronato de Fundaci\u00f3n Manantial. <\/p>\n<p>Durante la jornada <strong>Octavio Finol<\/strong> y <strong><a href=\"https:\/\/twitter.com\/dfraguas\" rel=\"noopener\" target=\"_blank\">David Fraguas<\/a><\/strong>, en representaci\u00f3n de la <strong>Unidad de Investigaci\u00f3n de Fundaci\u00f3n Manantial<\/strong>, han presentado <strong>los primeros resultados de la investigaci\u00f3n \u201cEmpleo y bienestar emocional\u201d<\/strong>. La muestra utilizada para el estudio fue de 700 personas con y sin diagn\u00f3stico en salud mental, siendo<strong> el \u00fanico estudio con una muestra tan representativa en Espa\u00f1a. El estudio ha permitido concluir que:<\/strong><\/p>\n<p>\u2022 <strong>Tener un empleo remunerado se asocia con un mayor bienestar emocional<\/strong>. Las personas con empleo remunerado tuvieron una percepci\u00f3n de mayor bienestar psicol\u00f3gico que las personas sin empleo, independientemente del diagn\u00f3stico, de la discapacidad o de que el empleo fuera ordinario o protegido.<\/p>\n<p>\u2022 <strong>Tener empleo influye positivamente en el estado emocional<\/strong> mientras que un estado emocional positivo o negativo influir\u00e1 sobre el desempe\u00f1o en el puesto de trabajo.<\/p>\n<p>\u2022 <strong>La p\u00e9rdida de un trabajo tiene un importante impacto en el estado emocional, incluso mayor que el impacto positivo de acceder al mercado laboral.<\/strong><\/p>\n<p><strong>\u201cEsta investigaci\u00f3n demuestra que el empleo tiene un impacto positivo en el bienestar emocional de las personas con problemas de salud mental. La p\u00e9rdida del trabajo tiene un efecto devastador, por lo que hay que invertir en acciones de apoyo al mantenimiento del empleo\u201d<\/strong>, asegura David Fraguas, jefe de secci\u00f3n de Psiquiatr\u00eda del Hospital Cl\u00ednico San Carlos. <strong>\u201cHay que romper con el estigma social que impide que se incorporen al mercado laboral y sensibilizar a las empresas para que incluyan la diversidad en relaci\u00f3n a la salud mental en sus plantillas\u201d<\/strong>, concluye.<\/p>\n<p><strong>La importancia de la inclusi\u00f3n laboral de personas con problemas de salud<\/strong><\/p>\n<p>Los ponentes han reflexionado sobre el concepto de <strong>organizaciones saludables<\/strong>, as\u00ed como la <strong>responsabilidad de las empresas en la incorporaci\u00f3n de adaptaciones psicosociales y la necesidad de pol\u00edticas de empleo que faciliten la inclusi\u00f3n laboral de las personas con problema de salud.<\/strong> <\/p>\n<p><strong><a href=\"https:\/\/es.linkedin.com\/in\/sonia-carral%C3%B3n-30b0207a\" rel=\"noopener\" target=\"_blank\">Sonia Carral\u00f3n<\/a><\/strong>, directora de Empleo de Fundaci\u00f3n Manantial ha expresado durante su intervenci\u00f3n que <strong>\u201cel empleo favorece la salud y la recuperaci\u00f3n de las personas con problemas de salud mental, siempre que las empresas empleadoras sean Organizaciones Saludables<\/strong>. <strong>El empleo es un potente factor de protecci\u00f3n ante las crisis emocionales como la recientemente sufrida por la pandemia\u201d<\/strong>.<\/p>\n<p>Por su parte, <strong><a href=\"https:\/\/twitter.com\/carsolpag\" rel=\"noopener\" target=\"_blank\">Carmen Soler<\/a><\/strong>, del equipo de investigaci\u00f3n WANT, junto con <strong><a href=\"https:\/\/www.osalan.euskadi.eus\/entrevista\/jeronimo-maqueda-blasco-coordinador-del-area-de-epidemiologia-laboral-insst-presidente-de-la-comision-nacional-de-medicina-del-trabajo\/s94-congnews\/es\/\" rel=\"noopener\" target=\"_blank\">Jer\u00f3nimo Maqueda<\/a><\/strong>, director del Departamento de la Salud y Epidemiolog\u00eda Laboral y <strong><a href=\"https:\/\/es.linkedin.com\/in\/jes%C3%BAs-s%C3%A1nchez-san-jos%C3%A9\" rel=\"noopener\" target=\"_blank\">Jes\u00fas S\u00e1nchez San Jos\u00e9<\/a><\/strong>, t\u00e9cnico del \u00e1rea de integraci\u00f3n laboral de la <a href=\"https:\/\/saludmentalcyl.org\/\" rel=\"noopener\" target=\"_blank\">Federaci\u00f3n Salud Mental Castilla y Le\u00f3n<\/a>, han hablado de los <strong>riesgos psicosociales en el trabajo<\/strong> y qu\u00e9 tipo de <strong>ajustes razonables<\/strong> son necesarios para la adaptaci\u00f3n de contextos de trabajo en el proceso de <strong>inclusi\u00f3n laboral de personas con problemas de salud mental.<\/strong><\/p>\n<p>Para terminar, <strong><a href=\"https:\/\/www.comunidad.madrid\/transparencia\/persona\/belen-garcia-diaz\" rel=\"noopener\" target=\"_blank\">Bel\u00e9n Garc\u00eda D\u00edaz<\/a><\/strong>, directora general del Servicio P\u00fablico de Empleo, Consejer\u00eda de Econom\u00eda, Hacienda y Empleo de la Comunidad de Madrid ha participado junto con <strong><a href=\"https:\/\/twitter.com\/BercedoG\" rel=\"noopener\" target=\"_blank\">Gregorio Bercedo<\/a><\/strong>, coordinador general con Administraciones P\u00fablicas de Fundaci\u00f3n Manantial han dialogado sobre <strong>la importancia de las pol\u00edticas activas de empleo para conseguir una inclusi\u00f3n laboral real.<\/strong> En este sentido, Bel\u00e9n Garc\u00eda, ha afirmado que \u201centre todos tenemos que construir ese mundo inclusivo en el \u00e1mbito laboral tan necesario y, por supuesto, las pol\u00edticas de empleo influyen para conseguirlo. Como administraci\u00f3n, tenemos la misi\u00f3n de ayudar a las entidades y empresas para conseguirlo\u201d.<\/p>\n<p><strong><a href=\"https:\/\/es.linkedin.com\/in\/milagros-paniagua-8413a023\" rel=\"noopener\" target=\"_blank\">Milagros Paniagua<\/a><\/strong>, secretaria general de Pol\u00edticas de Inclusi\u00f3n y Previsi\u00f3n Social del <a href=\"https:\/\/www.inclusion.gob.es\/\" rel=\"noopener\" target=\"_blank\">Ministerio de Inclusi\u00f3n, Seguridad Social y Migraciones<\/a> del Gobierno de Espa\u00f1a ha sido la encargada de la clausura y <strong><a href=\"https:\/\/www.instagram.com\/tulsamireniza\/?hl=es\" rel=\"noopener\" target=\"_blank\">Tulsa<\/a><\/strong> ha puesto el cierre musical de una jornada que busca poner en valor la importancia del empleo como un pilar fundamental del proceso de inclusi\u00f3n social.<br \/>\n&nbsp;<\/p>\n<div>\n<strong><a class=\"btn btn-primary\" href=\"https:\/\/webcastlive.es\/manantial2022\/\" target=\"_blank\" rel=\"noopener\">Ver la jornada completa<\/a><\/strong><br \/>\n&nbsp;<\/p>\n<div>\n","protected":false},"excerpt":{"rendered":"<p>Hoy ha tenido lugar la XIX Jornada anual &#8220;Inclusi\u00f3n laboral en salud mental y organizaciones saludables&#8221; organizada por Fundaci\u00f3n Manantial en el auditorio de CaixaForum Madrid. El acto ha sido inaugurado por Alfredo Timermans, viceconsejero de Empleo de la Consejer\u00eda de Econom\u00eda, Hacienda y Empleo de la Comunidad de Madrid y Francisco Sardina, presidente del [&hellip;]<\/p>\n","protected":false},"author":1,"featured_media":3636,"comment_status":"closed","ping_status":"closed","sticky":false,"template":"","format":"standard","meta":{"_acf_changed":false,"give_campaign_id":0,"_seopress_robots_primary_cat":"","_seopress_titles_title":"","_seopress_titles_desc":"","_seopress_robots_index":"","footnotes":""},"categories":[34],"tags":[60,84,85,61,392,199,393,180],"class_list":["post-3635","post","type-post","status-publish","format-standard","has-post-thumbnail","hentry","category-noticias-fundacion-manantial","tag-empleo","tag-formacion","tag-fundacion-manantial","tag-inclusion","tag-inclusionlaboral","tag-jornada","tag-salud","tag-saludmental"],"acf":[],"_links":{"self":[{"href":"https:\/\/www.fundacionmanantial.org\/en\/wp-json\/wp\/v2\/posts\/3635","targetHints":{"allow":["GET"]}}],"collection":[{"href":"https:\/\/www.fundacionmanantial.org\/en\/wp-json\/wp\/v2\/posts"}],"about":[{"href":"https:\/\/www.fundacionmanantial.org\/en\/wp-json\/wp\/v2\/types\/post"}],"author":[{"embeddable":true,"href":"https:\/\/www.fundacionmanantial.org\/en\/wp-json\/wp\/v2\/users\/1"}],"replies":[{"embeddable":true,"href":"https:\/\/www.fundacionmanantial.org\/en\/wp-json\/wp\/v2\/comments?post=3635"}],"version-history":[{"count":0,"href":"https:\/\/www.fundacionmanantial.org\/en\/wp-json\/wp\/v2\/posts\/3635\/revisions"}],"wp:featuredmedia":[{"embeddable":true,"href":"https:\/\/www.fundacionmanantial.org\/en\/wp-json\/wp\/v2\/media\/3636"}],"wp:attachment":[{"href":"https:\/\/www.fundacionmanantial.org\/en\/wp-json\/wp\/v2\/media?parent=3635"}],"wp:term":[{"taxonomy":"category","embeddable":true,"href":"https:\/\/www.fundacionmanantial.org\/en\/wp-json\/wp\/v2\/categories?post=3635"},{"taxonomy":"post_tag","embeddable":true,"href":"https:\/\/www.fundacionmanantial.org\/en\/wp-json\/wp\/v2\/tags?post=3635"}],"curies":[{"name":"wp","href":"https:\/\/api.w.org\/{rel}","templated":true}]}}