{"id":3629,"date":"2022-10-24T09:26:04","date_gmt":"2022-10-24T08:26:04","guid":{"rendered":"https:\/\/www.fundacionmanantial.org\/dia-solidario-de-las-empresas-2022\/"},"modified":"2022-10-24T09:26:04","modified_gmt":"2022-10-24T08:26:04","slug":"dia-solidario-de-las-empresas-2022","status":"publish","type":"post","link":"https:\/\/www.fundacionmanantial.org\/en\/dia-solidario-de-las-empresas-2022\/","title":{"rendered":"D\u00eda Solidario de las Empresas 2022"},"content":{"rendered":"<p>Fundaci\u00f3n Manantial ha participado en el <a href=\"https:\/\/www.diasolidario.com\/\" rel=\"noopener\" target=\"_blank\">D\u00eda Solidario de las Empresas<\/a>, una jornada organizada por <strong><a href=\"https:\/\/twitter.com\/cooperacion\" rel=\"noopener\" target=\"_blank\">Cooperaci\u00f3n Internacional<\/a><\/strong> para <strong>promover y facilitar la participaci\u00f3n social de las empresas a trav\u00e9s del voluntariado corporativo.<\/strong> Este a\u00f1o, ha reunido a 500 voluntarios y voluntarias que han colaborado en 30 iniciativas solidarias.<\/p>\n<p>Durante la jornada, los equipos de voluntarios de las empresas participantes realizan actividades de voluntariado y sensibilizaci\u00f3n medioambiental y social en colaboraci\u00f3n con distintas entidades sin \u00e1nimo de lucro. Esta jornada contribuye a alcanzar los <a href=\"https:\/\/www.un.org\/sustainabledevelopment\/es\/objetivos-de-desarrollo-sostenible\/\" rel=\"noopener\" target=\"_blank\">Objetivos de Desarrollo Sostenible (<strong>ODS<\/strong>)<\/a> &#8220;Hambre cero&#8221;, &#8220;Reducci\u00f3n de las desigualdades&#8221; y &#8220;Alianzas por la solidaridad&#8221;.<\/p>\n<p>En este d\u00eda, <strong>Fundaci\u00f3n Manantial<\/strong> ha contado con la colaboraci\u00f3n de <strong>35 voluntarios de <a href=\"https:\/\/www.ibercaja.es\/\">Ibercaja<\/a> y <a href=\"http:\/\/www.metromadrid.es\/es\" rel=\"noopener\" target=\"_blank\">Metro de Madrid<\/a><\/strong>. Los voluntarios de <strong>Ibercaja<\/strong> han pintado la Residencia &#8220;Legan\u00e9s&#8221; junto a profesionales y usuarios\/as del centro, mientras que los procedentes de <strong>Metro de Madrid<\/strong> han trabajado junto a vecinos\/as y usuarios del Centro de Rehabilitaci\u00f3n Psicosocial &#8220;Barajas&#8221; en el Bosque Urbano y han realizado el acondicionamiento de las zonas de terraza y jard\u00edn del Centro de Rehabilitaci\u00f3n Psicosocial &#8220;Arganda&#8221;.<\/p>\n<p>Estas actividades se encuadran dentro de las <strong>posibilidades de voluntariado corporativo<\/strong> que Fundaci\u00f3n Manantial ofrece a las organizaciones que quieren desarrollar su <strong>responsabilidad social<\/strong>, colaborando en diferentes iniciativas que <strong>promuevan la recuperaci\u00f3n y la sensibilizaci\u00f3n social<\/strong>. Durante 2021 se realizaron colaboraciones con 44 voluntarios\/as de empresas.<\/p>\n<p><strong><a class=\"btn btn-primary\" href=\"https:\/\/elastic-antonelli.5-250-189-237.plesk.page\/voluntariado\/\" target=\"_blank\" rel=\"noopener\">Contacta para realizar voluntariado corporativo<\/a><\/strong><br \/>\n&nbsp;<\/p>\n<div>\n","protected":false},"excerpt":{"rendered":"<p>Fundaci\u00f3n Manantial ha participado en el D\u00eda Solidario de las Empresas, una jornada organizada por Cooperaci\u00f3n Internacional para promover y facilitar la participaci\u00f3n social de las empresas a trav\u00e9s del voluntariado corporativo. Este a\u00f1o, ha reunido a 500 voluntarios y voluntarias que han colaborado en 30 iniciativas solidarias. Durante la jornada, los equipos de voluntarios [&hellip;]<\/p>\n","protected":false},"author":1,"featured_media":3630,"comment_status":"closed","ping_status":"closed","sticky":false,"template":"","format":"standard","meta":{"_acf_changed":false,"give_campaign_id":0,"_seopress_robots_primary_cat":"","_seopress_titles_title":"","_seopress_titles_desc":"","_seopress_robots_index":"","footnotes":""},"categories":[34],"tags":[],"class_list":["post-3629","post","type-post","status-publish","format-standard","has-post-thumbnail","hentry","category-noticias-fundacion-manantial"],"acf":[],"_links":{"self":[{"href":"https:\/\/www.fundacionmanantial.org\/en\/wp-json\/wp\/v2\/posts\/3629","targetHints":{"allow":["GET"]}}],"collection":[{"href":"https:\/\/www.fundacionmanantial.org\/en\/wp-json\/wp\/v2\/posts"}],"about":[{"href":"https:\/\/www.fundacionmanantial.org\/en\/wp-json\/wp\/v2\/types\/post"}],"author":[{"embeddable":true,"href":"https:\/\/www.fundacionmanantial.org\/en\/wp-json\/wp\/v2\/users\/1"}],"replies":[{"embeddable":true,"href":"https:\/\/www.fundacionmanantial.org\/en\/wp-json\/wp\/v2\/comments?post=3629"}],"version-history":[{"count":0,"href":"https:\/\/www.fundacionmanantial.org\/en\/wp-json\/wp\/v2\/posts\/3629\/revisions"}],"wp:featuredmedia":[{"embeddable":true,"href":"https:\/\/www.fundacionmanantial.org\/en\/wp-json\/wp\/v2\/media\/3630"}],"wp:attachment":[{"href":"https:\/\/www.fundacionmanantial.org\/en\/wp-json\/wp\/v2\/media?parent=3629"}],"wp:term":[{"taxonomy":"category","embeddable":true,"href":"https:\/\/www.fundacionmanantial.org\/en\/wp-json\/wp\/v2\/categories?post=3629"},{"taxonomy":"post_tag","embeddable":true,"href":"https:\/\/www.fundacionmanantial.org\/en\/wp-json\/wp\/v2\/tags?post=3629"}],"curies":[{"name":"wp","href":"https:\/\/api.w.org\/{rel}","templated":true}]}}