{"id":3558,"date":"2022-05-12T07:18:18","date_gmt":"2022-05-12T06:18:18","guid":{"rendered":"https:\/\/www.fundacionmanantial.org\/formacion-para-mejorar-la-inclusion-laboral-de-las-personas-con-problemas-de-salud-mental\/"},"modified":"2022-05-12T07:18:18","modified_gmt":"2022-05-12T06:18:18","slug":"formacion-para-mejorar-la-inclusion-laboral-de-las-personas-con-problemas-de-salud-mental","status":"publish","type":"post","link":"https:\/\/www.fundacionmanantial.org\/en\/formacion-para-mejorar-la-inclusion-laboral-de-las-personas-con-problemas-de-salud-mental\/","title":{"rendered":"Formaci\u00f3n para mejorar la inclusi\u00f3n laboral de las personas con problemas de salud mental"},"content":{"rendered":"<p>Esta semana ha finalizado la<strong> formaci\u00f3n en Limpieza <\/strong>de seis alumnos\/as a trav\u00e9s del <strong>Programa \u00abItinerarios Integrados de Inserci\u00f3n Sociolaboral de personas adultas con problemas de salud mental\u00bb<\/strong>, en el marco del P<strong>rograma Operativo del Fondo Social Europeo 2014-2020<\/strong>, a trav\u00e9s de la <a href=\"https:\/\/inclusio.gva.es\/es\">Conselleria de Igualdad y Pol\u00edticas Inclusivas<\/a>, con el objetivo de <strong>favorecer la formaci\u00f3n y el acceso al empleo.<\/strong><\/p>\n<p>La formaci\u00f3n, que ha tenido una duraci\u00f3n de <strong>200 horas<\/strong>, ha sido eminentemente pr\u00e1ctica desde el primer d\u00eda. El equipo que ha guiado el curso ha estado compuesto de un <strong>docente experto en limpieza<\/strong> para entrenar las competencias t\u00e9cnico funcionales, un <strong>t\u00e9cnico de empleo<\/strong> para entrenar las competencias transversales y una <strong>tutora de pr\u00e1cticas de Manantial Integra<\/strong> para apoyar y evaluar durante las pr\u00e1cticas. La Fundaci\u00f3 Caixa Rural de Vila-real ha cedido las instalaciones para la impartici\u00f3n de la parte te\u00f3rico-pr\u00e1ctica.<\/p>\n<p>De los seis alumnos\/as que han finalizado la formaci\u00f3n, dos han sido contratados en el <a href=\"https:\/\/elastic-antonelli.5-250-189-237.plesk.page\/empleo\/\" rel=\"noopener\" target=\"_blank\">Centro Especial de Empleo &#8220;Manantial Integra&#8221;<\/a> en el \u00e1rea de <strong>Limpieza y lavander\u00eda<\/strong>. Las cuatro personas restantes se han sumado a la bolsa de trabajo de Manantial Integra para incorporarse a un puesto de trabajo en cuanto haya nuevas vacantes. <\/p>\n<p>Desde Fundaci\u00f3n Manantial se seguir\u00e1 trabajando para darle continuidad a estas acciones tan necesarias para <strong>mejorar la empleabilidad de personas con problemas de salud mental.<\/strong><\/p>\n<p><strong>Noticias relacionadas<\/strong><\/p>\n<blockquote class=\"wp-embedded-content\" data-secret=\"XMQgj3Zzp7\"><p><a href=\"https:\/\/elastic-antonelli.5-250-189-237.plesk.page\/sala-de-prensa\/28-personas-se-forman-y-mejoran-su-empleabilidad-con-los-itinerarios-integrados-de-insercion-sociolaboral\/\">28 personas se forman y mejoran su empleabilidad con los \u00abItinerarios Integrados de Inserci\u00f3n Sociolaboral\u00bb<\/a><\/p><\/blockquote>\n<p><iframe class=\"wp-embedded-content\" sandbox=\"allow-scripts\" security=\"restricted\" style=\"position: absolute; clip: rect(1px, 1px, 1px, 1px);\" title=\"\u00ab28 personas se forman y mejoran su empleabilidad con los \u00abItinerarios Integrados de Inserci\u00f3n Sociolaboral\u00bb\u00bb \u2014 Fundaci\u00f3n Manantial\" src=\"https:\/\/elastic-antonelli.5-250-189-237.plesk.page\/sala-de-prensa\/28-personas-se-forman-y-mejoran-su-empleabilidad-con-los-itinerarios-integrados-de-insercion-sociolaboral\/embed\/#?secret=EwKpdNH5P9#?secret=XMQgj3Zzp7\" data-secret=\"XMQgj3Zzp7\" width=\"500\" height=\"282\" frameborder=\"0\" marginwidth=\"0\" marginheight=\"0\" scrolling=\"no\"><\/iframe><\/p>\n","protected":false},"excerpt":{"rendered":"<p>Esta semana ha finalizado la formaci\u00f3n en Limpieza de seis alumnos\/as a trav\u00e9s del Programa \u00abItinerarios Integrados de Inserci\u00f3n Sociolaboral de personas adultas con problemas de salud mental\u00bb, en el marco del Programa Operativo del Fondo Social Europeo 2014-2020, a trav\u00e9s de la Conselleria de Igualdad y Pol\u00edticas Inclusivas, con el objetivo de favorecer la [&hellip;]<\/p>\n","protected":false},"author":1,"featured_media":3559,"comment_status":"closed","ping_status":"closed","sticky":false,"template":"","format":"standard","meta":{"_acf_changed":false,"give_campaign_id":0,"_seopress_robots_primary_cat":"","_seopress_titles_title":"","_seopress_titles_desc":"","_seopress_robots_index":"","footnotes":""},"categories":[34],"tags":[60,84,85,305,306,61,263,65,152],"class_list":["post-3558","post","type-post","status-publish","format-standard","has-post-thumbnail","hentry","category-noticias-fundacion-manantial","tag-empleo","tag-formacion","tag-fundacion-manantial","tag-generalitat","tag-gva","tag-inclusion","tag-limpieza","tag-salud-mental","tag-trabajo"],"acf":[],"_links":{"self":[{"href":"https:\/\/www.fundacionmanantial.org\/en\/wp-json\/wp\/v2\/posts\/3558","targetHints":{"allow":["GET"]}}],"collection":[{"href":"https:\/\/www.fundacionmanantial.org\/en\/wp-json\/wp\/v2\/posts"}],"about":[{"href":"https:\/\/www.fundacionmanantial.org\/en\/wp-json\/wp\/v2\/types\/post"}],"author":[{"embeddable":true,"href":"https:\/\/www.fundacionmanantial.org\/en\/wp-json\/wp\/v2\/users\/1"}],"replies":[{"embeddable":true,"href":"https:\/\/www.fundacionmanantial.org\/en\/wp-json\/wp\/v2\/comments?post=3558"}],"version-history":[{"count":0,"href":"https:\/\/www.fundacionmanantial.org\/en\/wp-json\/wp\/v2\/posts\/3558\/revisions"}],"wp:featuredmedia":[{"embeddable":true,"href":"https:\/\/www.fundacionmanantial.org\/en\/wp-json\/wp\/v2\/media\/3559"}],"wp:attachment":[{"href":"https:\/\/www.fundacionmanantial.org\/en\/wp-json\/wp\/v2\/media?parent=3558"}],"wp:term":[{"taxonomy":"category","embeddable":true,"href":"https:\/\/www.fundacionmanantial.org\/en\/wp-json\/wp\/v2\/categories?post=3558"},{"taxonomy":"post_tag","embeddable":true,"href":"https:\/\/www.fundacionmanantial.org\/en\/wp-json\/wp\/v2\/tags?post=3558"}],"curies":[{"name":"wp","href":"https:\/\/api.w.org\/{rel}","templated":true}]}}