{"id":3556,"date":"2022-05-09T09:33:17","date_gmt":"2022-05-09T08:33:17","guid":{"rendered":"https:\/\/www.fundacionmanantial.org\/un-abrazo-vale-mas-que-un-loracepan-reportaje-sobre-fundacion-manantial-en-la-razon\/"},"modified":"2022-05-09T09:33:17","modified_gmt":"2022-05-09T08:33:17","slug":"un-abrazo-vale-mas-que-un-loracepan-reportaje-sobre-fundacion-manantial-en-la-razon","status":"publish","type":"post","link":"https:\/\/www.fundacionmanantial.org\/en\/un-abrazo-vale-mas-que-un-loracepan-reportaje-sobre-fundacion-manantial-en-la-razon\/","title":{"rendered":"&#8220;Un abrazo vale m\u00e1s que un loracep\u00e1n&#8221;. Reportaje sobre Fundaci\u00f3n Manantial en La Raz\u00f3n"},"content":{"rendered":"<p><strong>&#8220;Dicen que no es hasta que conoces y tienes contacto directo con algo cuando caen todos tus prejuicios. Esta es la sensaci\u00f3n que recorre a muchos cuando cruzan la puerta de alguno de los centros en los que trabaja la Fundaci\u00f3n Manantial&#8221;<\/strong>. As\u00ed comienza el reportaje que dedica el peri\u00f3dico <em><a href=\"https:\/\/www.larazon.es\/\" rel=\"noopener\" target=\"_blank\"><strong>La Raz\u00f3n<\/strong><\/a><\/em> a Manantial tras la visita a la <strong>Residencia y al Centro de Rehabilitaci\u00f3n Laboral &#8220;Parla&#8221;<\/strong>, que la entidad gestiona en el municipio madrile\u00f1o y que forma parte de la la <a href=\"https:\/\/www.comunidad.madrid\/servicios\/asuntos-sociales\/red-atencion-social-personas-enfermedad-mental\" rel=\"noopener\" target=\"_blank\">Red de Atenci\u00f3n Social a Personas con Enfermedad Mental Grave de la Comunidad de Madrid.<\/a><\/p>\n<p><strong>Paco Alcolea<\/strong> es uno de los usuarios que ha querido compartir su <strong>experiencia en primera persona<\/strong>. &#8220;Dice que cuando lleg\u00f3 estaba destruido y completamente solo, porque <strong>la enfermedad es as\u00ed, te a\u00edsla de todo<\/strong>&#8220;. <strong>&#8216;Pero me arm\u00e9 de valor y aqu\u00ed solo encontr\u00e9 calor, compa\u00f1\u00eda y de alguna forma, vida. Dicen que la depresi\u00f3n no te mata, pero tampoco te deja vivir&#8217;<\/strong>, afirma. \u00abCuando llegu\u00e9, empec\u00e9 a ver todo lo que me ofrec\u00eda esto y me lanc\u00e9 sin red. <strong>Poco a poco fui mejorando y estar aqu\u00ed me sirvi\u00f3 para atenuar mi enfermedad y me ha hecho crecer como persona\u00bb<\/strong>.<\/p>\n<p>Otro de los principales objetivos de Fundaci\u00f3n Manantial es la <strong>creaci\u00f3n de empleo<\/strong>, ya sea en una empresa del mercado ordinario, o bien a trav\u00e9s de los <a href=\"https:\/\/elastic-antonelli.5-250-189-237.plesk.page\/empleo\/\" rel=\"noopener\" target=\"_blank\">Centros Especiales de Empleo Manantial Integra y Manantial Vilamico<\/a>. <strong>Paco L\u00f3pez<\/strong> es uno de los trabajadores de <strong>Manantial Integra &#8220;Limpieza&#8221;<\/strong>, que comenz\u00f3 su andadura profesional hace ocho a\u00f1os como auxiliar de limpieza en la residencia de Parla, y donde desde hace cuatro fue ascendido a adjunto. \u00abMe gusta ver todo limpio y crear entornos agradables para las personas. Los residentes son nuestros clientes y trabajamos para ellos: queremos que est\u00e9n lo m\u00e1s a gusto posible gracias a nuestro trabajo\u00bb. <strong>Paco ha pasado de no tener estabilidad en ning\u00fan nivel a tener casa propia, un trabajo estable e ingresos regulares con los que ha podido tener un plan de vida, en su caso, &#8220;una hipoteca de un peque\u00f1o apartamento en M\u00f3stoles, una pareja y su perrita&#8221;.<\/strong><\/p>\n<p>Reportajes en medios de comunicaci\u00f3n de tanta relevancia y alcance como <em>La Raz\u00f3n<\/em>, permiten <strong>promocionar la salud mental, lograr que se hable de ella y que las personas entiendan la importancia que tiene cuidar su salud mental, hablar de qu\u00e9 le ocurre a tu estado emocional y pedir ayuda si es necesario.<\/strong><\/p>\n<p><a href=\"https:\/\/www.larazon.es\/madrid\/20220508\/kkvakflgevdxvex2nrj7mp23fy.html\" rel=\"noopener\" target=\"_blank\">Leer el reportaje completo<\/a> (<em>La Raz\u00f3n<\/em>, 8\/05\/2022)<\/p>\n","protected":false},"excerpt":{"rendered":"<p>&#8220;Dicen que no es hasta que conoces y tienes contacto directo con algo cuando caen todos tus prejuicios. Esta es la sensaci\u00f3n que recorre a muchos cuando cruzan la puerta de alguno de los centros en los que trabaja la Fundaci\u00f3n Manantial&#8221;. As\u00ed comienza el reportaje que dedica el peri\u00f3dico La Raz\u00f3n a Manantial tras [&hellip;]<\/p>\n","protected":false},"author":1,"featured_media":3557,"comment_status":"closed","ping_status":"closed","sticky":false,"template":"","format":"standard","meta":{"_acf_changed":false,"give_campaign_id":0,"_seopress_robots_primary_cat":"","_seopress_titles_title":"","_seopress_titles_desc":"","_seopress_robots_index":"","footnotes":""},"categories":[34],"tags":[60,85,61,302,303,304,65,111],"class_list":["post-3556","post","type-post","status-publish","format-standard","has-post-thumbnail","hentry","category-noticias-fundacion-manantial","tag-empleo","tag-fundacion-manantial","tag-inclusion","tag-la-razon","tag-medios","tag-prensa","tag-salud-mental","tag-sensibilizacion"],"acf":[],"_links":{"self":[{"href":"https:\/\/www.fundacionmanantial.org\/en\/wp-json\/wp\/v2\/posts\/3556","targetHints":{"allow":["GET"]}}],"collection":[{"href":"https:\/\/www.fundacionmanantial.org\/en\/wp-json\/wp\/v2\/posts"}],"about":[{"href":"https:\/\/www.fundacionmanantial.org\/en\/wp-json\/wp\/v2\/types\/post"}],"author":[{"embeddable":true,"href":"https:\/\/www.fundacionmanantial.org\/en\/wp-json\/wp\/v2\/users\/1"}],"replies":[{"embeddable":true,"href":"https:\/\/www.fundacionmanantial.org\/en\/wp-json\/wp\/v2\/comments?post=3556"}],"version-history":[{"count":0,"href":"https:\/\/www.fundacionmanantial.org\/en\/wp-json\/wp\/v2\/posts\/3556\/revisions"}],"wp:featuredmedia":[{"embeddable":true,"href":"https:\/\/www.fundacionmanantial.org\/en\/wp-json\/wp\/v2\/media\/3557"}],"wp:attachment":[{"href":"https:\/\/www.fundacionmanantial.org\/en\/wp-json\/wp\/v2\/media?parent=3556"}],"wp:term":[{"taxonomy":"category","embeddable":true,"href":"https:\/\/www.fundacionmanantial.org\/en\/wp-json\/wp\/v2\/categories?post=3556"},{"taxonomy":"post_tag","embeddable":true,"href":"https:\/\/www.fundacionmanantial.org\/en\/wp-json\/wp\/v2\/tags?post=3556"}],"curies":[{"name":"wp","href":"https:\/\/api.w.org\/{rel}","templated":true}]}}