{"id":3552,"date":"2022-05-04T22:30:11","date_gmt":"2022-05-04T21:30:11","guid":{"rendered":"https:\/\/www.fundacionmanantial.org\/premios-manantial-2022\/"},"modified":"2022-05-04T22:30:11","modified_gmt":"2022-05-04T21:30:11","slug":"premios-manantial-2022","status":"publish","type":"post","link":"https:\/\/www.fundacionmanantial.org\/en\/premios-manantial-2022\/","title":{"rendered":"Premios Manantial 2022"},"content":{"rendered":"<p><span data-mce-type=\"bookmark\" style=\"display: inline-block; width: 0px; overflow: hidden; line-height: 0;\" class=\"mce_SELRES_start\">\ufeff<\/span>El pr\u00f3ximo 1 de junio a las 18:00h, Fundaci\u00f3n Manantial celebra la <strong>III Edici\u00f3n de los Premios Manantial<\/strong> en el auditorio de <strong>CaixaForum Madrid<\/strong>.<\/p>\n<p>El evento contar\u00e1 con la <strong>actuaci\u00f3n del cantautor <a href=\"https:\/\/www.andressuarez.es\/\" rel=\"noopener\" target=\"_blank\">Andr\u00e9s Su\u00e1rez<\/a><\/strong>, y con una mesa redonda sobre el estigma en salud mental moderada por la escritora <strong><a href=\"https:\/\/www.instagram.com\/lauraferrero\/?hl=es\" rel=\"noopener\" target=\"_blank\">Laura Ferrero<\/a><\/strong> en la que participar\u00e1n el c\u00f3mico <strong><a href=\"https:\/\/twitter.com\/angelmartin_nc?lang=es\" rel=\"noopener\" target=\"_blank\">\u00c1ngel Mart\u00edn<\/a><\/strong> y <strong><a href=\"https:\/\/twitter.com\/santiagorequejo?lang=es\" rel=\"noopener\" target=\"_blank\">Santiago Requejo<\/a><\/strong>, director del corto <a href=\"https:\/\/elpais.com\/sociedad\/2021-12-17\/votamos-el-cortometraje-nominado-a-los-goya-que-pone-la-salud-mental-sobre-la-mesa.html\" rel=\"noopener\" target=\"_blank\">\u201cVotamos&#8221;<\/a>, nominado al Goya 2022 al mejor cortometraje de ficci\u00f3n.<\/p>\n<p>El <strong>ministro de Inclusi\u00f3n, Seguridad Social y Migraciones del Gobierno de Espa\u00f1a, Jos\u00e9 Luis Escriv\u00e1<\/strong>, har\u00e1 entrega de los <strong>Sellos Solidarios<\/strong>, que reconocen a las empresas y entidades que han facilitado el acceso al empleo a personas con problemas de salud mental: clientes de <a href=\"https:\/\/elastic-antonelli.5-250-189-237.plesk.page\/empleo\/\" rel=\"noopener\" target=\"_blank\">Manantial Integra<\/a> y <a href=\"https:\/\/manantialvilamico.org\/\" rel=\"noopener\" target=\"_blank\">Manantial Vilamico<\/a> que han hecho posible la creaci\u00f3n de 261 puestos de trabajo en los dos Centros Especiales de Empleo, y a aquellas entidades que han contratado en sus plantillas a personas de los Centros de Rehabilitaci\u00f3n Laboral de la Comunidad de Madrid gestionados por Fundaci\u00f3n Manantial. Adem\u00e1s, la gala descubrir\u00e1 el ganador del <strong><a href=\"https:\/\/elastic-antonelli.5-250-189-237.plesk.page\/miradas\/\" rel=\"noopener\" target=\"_blank\">XI Premio Miradas<\/a><\/strong>, un galard\u00f3n a profesionales y entidades que, con sus proyectos y trayectoria profesional, ayudan a reducir el estigma, crear empleo o mejorar la atenci\u00f3n y la calidad de vida de las personas con problemas de salud mental. <\/p>\n<p><strong><a href=\"https:\/\/elastic-antonelli.5-250-189-237.plesk.page\/sala-de-prensa\/iii-premios-manantial-inscripciones\" rel=\"noopener\" target=\"_blank\">Inscripciones<\/a><\/strong> (imprescindible para acceder)<\/p>\n<p><strong><a href=\"https:\/\/elastic-antonelli.5-250-189-237.plesk.page\/\/wp-content\/uploads\/2022\/05\/Programa-Premios-Manantial-2022-4.pdf\" rel=\"noopener\" target=\"_blank\">Programa completo<\/a><\/strong><\/p>\n","protected":false},"excerpt":{"rendered":"<p>\ufeffEl pr\u00f3ximo 1 de junio a las 18:00h, Fundaci\u00f3n Manantial celebra la III Edici\u00f3n de los Premios Manantial en el auditorio de CaixaForum Madrid. El evento contar\u00e1 con la actuaci\u00f3n del cantautor Andr\u00e9s Su\u00e1rez, y con una mesa redonda sobre el estigma en salud mental moderada por la escritora Laura Ferrero en la que participar\u00e1n [&hellip;]<\/p>\n","protected":false},"author":1,"featured_media":3553,"comment_status":"closed","ping_status":"closed","sticky":false,"template":"","format":"standard","meta":{"_acf_changed":false,"give_campaign_id":0,"_seopress_robots_primary_cat":"","_seopress_titles_title":"","_seopress_titles_desc":"","_seopress_robots_index":"","footnotes":""},"categories":[34],"tags":[290,291,60,107,85,292,293,156,220,65,294],"class_list":["post-3552","post","type-post","status-publish","format-standard","has-post-thumbnail","hentry","category-noticias-fundacion-manantial","tag-andres-suarez","tag-angel-martin","tag-empleo","tag-estigma","tag-fundacion-manantial","tag-manantial","tag-mercedes-mila","tag-premios","tag-reconocimiento","tag-salud-mental","tag-santiago-requejo"],"acf":[],"_links":{"self":[{"href":"https:\/\/www.fundacionmanantial.org\/en\/wp-json\/wp\/v2\/posts\/3552","targetHints":{"allow":["GET"]}}],"collection":[{"href":"https:\/\/www.fundacionmanantial.org\/en\/wp-json\/wp\/v2\/posts"}],"about":[{"href":"https:\/\/www.fundacionmanantial.org\/en\/wp-json\/wp\/v2\/types\/post"}],"author":[{"embeddable":true,"href":"https:\/\/www.fundacionmanantial.org\/en\/wp-json\/wp\/v2\/users\/1"}],"replies":[{"embeddable":true,"href":"https:\/\/www.fundacionmanantial.org\/en\/wp-json\/wp\/v2\/comments?post=3552"}],"version-history":[{"count":0,"href":"https:\/\/www.fundacionmanantial.org\/en\/wp-json\/wp\/v2\/posts\/3552\/revisions"}],"wp:featuredmedia":[{"embeddable":true,"href":"https:\/\/www.fundacionmanantial.org\/en\/wp-json\/wp\/v2\/media\/3553"}],"wp:attachment":[{"href":"https:\/\/www.fundacionmanantial.org\/en\/wp-json\/wp\/v2\/media?parent=3552"}],"wp:term":[{"taxonomy":"category","embeddable":true,"href":"https:\/\/www.fundacionmanantial.org\/en\/wp-json\/wp\/v2\/categories?post=3552"},{"taxonomy":"post_tag","embeddable":true,"href":"https:\/\/www.fundacionmanantial.org\/en\/wp-json\/wp\/v2\/tags?post=3552"}],"curies":[{"name":"wp","href":"https:\/\/api.w.org\/{rel}","templated":true}]}}