{"id":3508,"date":"2021-12-28T12:52:24","date_gmt":"2021-12-28T11:52:24","guid":{"rendered":"https:\/\/www.fundacionmanantial.org\/28-personas-se-forman-y-mejoran-su-empleabilidad-con-los-itinerarios-integrados-de-insercion-sociolaboral\/"},"modified":"2021-12-28T12:52:24","modified_gmt":"2021-12-28T11:52:24","slug":"28-personas-se-forman-y-mejoran-su-empleabilidad-con-los-itinerarios-integrados-de-insercion-sociolaboral","status":"publish","type":"post","link":"https:\/\/www.fundacionmanantial.org\/en\/28-personas-se-forman-y-mejoran-su-empleabilidad-con-los-itinerarios-integrados-de-insercion-sociolaboral\/","title":{"rendered":"28 personas se forman y mejoran su empleabilidad con los &#8220;Itinerarios Integrados de Inserci\u00f3n Sociolaboral&#8221;"},"content":{"rendered":"<p>Durante el a\u00f1o 2021, desde el <strong>\u00c1rea T\u00e9cnica de Empleo de Fundaci\u00f3n Manantial <\/strong>se ha desarrollado el <strong>Programa &#8220;Itinerarios Integrados de Inserci\u00f3n Sociolaboral de personas adultas con problemas de salud mental&#8221;<\/strong>, en el marco del <strong>Programa Operativo del <a href=\"https:\/\/ec.europa.eu\/esf\/home.jsp?langId=es\" rel=\"noopener\" target=\"_blank\">Fondo Social Europeo<\/a> 2014-2020<\/strong>, a trav\u00e9s de la <strong><a href=\"https:\/\/inclusio.gva.es\/es\" rel=\"noopener\" target=\"_blank\">Conselleria de Igualdad y Pol\u00edticas Inclusivas<\/a><\/strong>, con el objetivo de favorecer la formaci\u00f3n y el acceso al empleo.<\/p>\n<p>Todas las personas participantes han podido obtener un diagn\u00f3stico de su empleabilidad, se les ha creado un <strong>itinerario individualizado de inserci\u00f3n laboral<\/strong>, han <strong>ampliado su perfil competencial<\/strong> en las \u00e1reas de limpieza y <a href=\"https:\/\/manantialvilamico.org\/\" rel=\"noopener\" target=\"_blank\">recolecci\u00f3n de champi\u00f1\u00f3n<\/a>, han mejorado sus competencias transversales y ampliado sus conocimientos en <strong>alfabetizaci\u00f3n digital<\/strong>. Adem\u00e1s, han recibido atenci\u00f3n social individualizada, orientaci\u00f3n durante su <strong>proceso de b\u00fasqueda de empleo<\/strong>, apoyo en la <strong>prospecci\u00f3n e intermediaci\u00f3n<\/strong> con otras entidades y acompa\u00f1amiento durante la fase de adaptaci\u00f3n al puesto de trabajo.<\/p>\n<p>Los resultados del programa en 2021 han sido muy satisfactorios: <strong>se ha atendido a un total de 28 personas<\/strong>, en edades comprendidas entre los 20 y los 56 a\u00f1os; <strong>cinco personas han participado en talleres de alfabetizaci\u00f3n digital y otras cinco han adquirido competencias en el \u00e1rea de lavander\u00eda, limpieza y recolecci\u00f3n del champi\u00f1\u00f3n<\/strong>, y de las 28 personas, <strong>17 han llegado a tener, al menos, un contrato de trabajo durante este a\u00f1o.<\/strong><\/p>\n<p>Desde Fundaci\u00f3n Manantial se seguir\u00e1 trabajando para darle continuidad a estas acciones tan necesarias para <strong>mejorar la empleabilidad de personas con problemas de salud mental.<\/strong><\/p>\n","protected":false},"excerpt":{"rendered":"<p>Durante el a\u00f1o 2021, desde el \u00c1rea T\u00e9cnica de Empleo de Fundaci\u00f3n Manantial se ha desarrollado el Programa &#8220;Itinerarios Integrados de Inserci\u00f3n Sociolaboral de personas adultas con problemas de salud mental&#8221;, en el marco del Programa Operativo del Fondo Social Europeo 2014-2020, a trav\u00e9s de la Conselleria de Igualdad y Pol\u00edticas Inclusivas, con el objetivo [&hellip;]<\/p>\n","protected":false},"author":1,"featured_media":3420,"comment_status":"closed","ping_status":"closed","sticky":false,"template":"","format":"standard","meta":{"_acf_changed":false,"give_campaign_id":0,"_seopress_robots_primary_cat":"","_seopress_titles_title":"","_seopress_titles_desc":"","_seopress_robots_index":"","footnotes":""},"categories":[34],"tags":[225,125,226,227,60,84,228,65],"class_list":["post-3508","post","type-post","status-publish","format-standard","has-post-thumbnail","hentry","category-noticias-fundacion-manantial","tag-busqueda","tag-comunidad-valenciana","tag-conselleria-igualdad","tag-empleabilidad","tag-empleo","tag-formacion","tag-fse","tag-salud-mental"],"acf":[],"_links":{"self":[{"href":"https:\/\/www.fundacionmanantial.org\/en\/wp-json\/wp\/v2\/posts\/3508","targetHints":{"allow":["GET"]}}],"collection":[{"href":"https:\/\/www.fundacionmanantial.org\/en\/wp-json\/wp\/v2\/posts"}],"about":[{"href":"https:\/\/www.fundacionmanantial.org\/en\/wp-json\/wp\/v2\/types\/post"}],"author":[{"embeddable":true,"href":"https:\/\/www.fundacionmanantial.org\/en\/wp-json\/wp\/v2\/users\/1"}],"replies":[{"embeddable":true,"href":"https:\/\/www.fundacionmanantial.org\/en\/wp-json\/wp\/v2\/comments?post=3508"}],"version-history":[{"count":0,"href":"https:\/\/www.fundacionmanantial.org\/en\/wp-json\/wp\/v2\/posts\/3508\/revisions"}],"wp:featuredmedia":[{"embeddable":true,"href":"https:\/\/www.fundacionmanantial.org\/en\/wp-json\/wp\/v2\/media\/3420"}],"wp:attachment":[{"href":"https:\/\/www.fundacionmanantial.org\/en\/wp-json\/wp\/v2\/media?parent=3508"}],"wp:term":[{"taxonomy":"category","embeddable":true,"href":"https:\/\/www.fundacionmanantial.org\/en\/wp-json\/wp\/v2\/categories?post=3508"},{"taxonomy":"post_tag","embeddable":true,"href":"https:\/\/www.fundacionmanantial.org\/en\/wp-json\/wp\/v2\/tags?post=3508"}],"curies":[{"name":"wp","href":"https:\/\/api.w.org\/{rel}","templated":true}]}}