{"id":3507,"date":"2022-01-07T06:00:49","date_gmt":"2022-01-07T05:00:49","guid":{"rendered":"https:\/\/www.fundacionmanantial.org\/eduardo-noriega-padrino-de-la-x-carrera-por-la-salud-mental-de-fundacion-manantial\/"},"modified":"2022-01-07T06:00:49","modified_gmt":"2022-01-07T05:00:49","slug":"eduardo-noriega-padrino-de-la-x-carrera-por-la-salud-mental-de-fundacion-manantial","status":"publish","type":"post","link":"https:\/\/www.fundacionmanantial.org\/en\/eduardo-noriega-padrino-de-la-x-carrera-por-la-salud-mental-de-fundacion-manantial\/","title":{"rendered":"Eduardo Noriega, padrino de la X Carrera por la Salud Mental de Fundaci\u00f3n Manantial"},"content":{"rendered":"<p><strong><a href=\"http:\/\/eduardonoriega.com\/\" rel=\"noopener\" target=\"_blank\">Eduardo Noriega<\/a><\/strong> ser\u00e1 el padrino de la <a href=\"https:\/\/carrerasaludmental.com\/\" rel=\"noopener\" target=\"_blank\"><strong>X Carrera Solidaria por la Salud Mental<\/strong><\/a> que organiza Fundaci\u00f3n Manantial el pr\u00f3ximo <strong>6 de febrero de 2022<\/strong>. El actor, que ya colabor\u00f3 con Manantial como ponente del <a href=\"https:\/\/elastic-antonelli.5-250-189-237.plesk.page\/sala-de-prensa\/como-se-relaciona-la-ficcion-con-la-salud-mental\/\" rel=\"noopener\" target=\"_blank\">curso de verano &#8220;Salud mental y otras formas de ficci\u00f3n. Relatos para sobrevivir&#8221;<\/a>, ha querido apoyar con su imagen este evento <strong>sensibilizar a la poblaci\u00f3n sobre la importancia de cuidar la salud mental.<\/strong><\/p>\n<p>La carrera cuenta con un <strong>trazado espectacular en pleno coraz\u00f3n de Madrid<\/strong> y con <strong>distancias para todas las edades y niveles: 10Km, 5Km y una marcha familiar de 2Km<\/strong> para que todos podamos disfrutar corriendo por la salud mental.<\/p>\n<p>El objetivo de la carrera es mostrar que <strong>&#8220;la salud mental es cosa de todos y todas&#8221;<\/strong> y sensibilizar a la poblaci\u00f3n a trav\u00e9s de un evento inclusivo de ocio y cuidado de la salud f\u00edsica y mental.<\/p>\n<p>La recaudaci\u00f3n de la carrera ir\u00e1 destinada a los <strong>proyectos de empleo de Fundaci\u00f3n Manantial<\/strong>, que en 2020 dieron trabajo a 289 personas con problemas de salud mental.<\/p>\n<p>Para todos aquellos que deseen colaborar, pero que no se animen a correr o ese d\u00eda no est\u00e9n en Madrid, pueden hacerlo inscribi\u00e9ndose en el <strong>Dorsal 0<\/strong>.<\/p>\n<p><strong>Mueve las piernas, mueve el coraz\u00f3n y ven a correr con nosotros porque \u00abLa salud mental es cosa de todos y todas\u00bb.<\/strong><\/p>\n<p><strong>Inscripciones <\/strong>en <a href=\"https:\/\/carrerasaludmental.com\/\" rel=\"noopener\" target=\"_blank\">www.carrerasaludmental.com<\/a><\/p>\n<p>Sigue la carrera en <a href=\"https:\/\/www.facebook.com\/FundacionManantial\/\" rel=\"noopener\" target=\"_blank\">Facebook<\/a>, <a href=\"https:\/\/www.instagram.com\/FundacionManantial\" rel=\"noopener\" target=\"_blank\">Instagram<\/a> y <a href=\"https:\/\/twitter.com\/FundManantial\" rel=\"noopener\" target=\"_blank\">Twitter<\/a> con el hashtag #CarreraSaludMental.<\/p>\n","protected":false},"excerpt":{"rendered":"<p>Eduardo Noriega ser\u00e1 el padrino de la X Carrera Solidaria por la Salud Mental que organiza Fundaci\u00f3n Manantial el pr\u00f3ximo 6 de febrero de 2022. El actor, que ya colabor\u00f3 con Manantial como ponente del curso de verano &#8220;Salud mental y otras formas de ficci\u00f3n. Relatos para sobrevivir&#8221;, ha querido apoyar con su imagen este [&hellip;]<\/p>\n","protected":false},"author":1,"featured_media":3497,"comment_status":"closed","ping_status":"closed","sticky":false,"template":"","format":"standard","meta":{"_acf_changed":false,"give_campaign_id":0,"_seopress_robots_primary_cat":"","_seopress_titles_title":"","_seopress_titles_desc":"","_seopress_robots_index":"","footnotes":""},"categories":[34],"tags":[209,221,222,85,223,65,111,224],"class_list":["post-3507","post","type-post","status-publish","format-standard","has-post-thumbnail","hentry","category-noticias-fundacion-manantial","tag-carrera","tag-deporte","tag-eduardo-noriega","tag-fundacion-manantial","tag-padrino","tag-salud-mental","tag-sensibilizacion","tag-visibilidad"],"acf":[],"_links":{"self":[{"href":"https:\/\/www.fundacionmanantial.org\/en\/wp-json\/wp\/v2\/posts\/3507","targetHints":{"allow":["GET"]}}],"collection":[{"href":"https:\/\/www.fundacionmanantial.org\/en\/wp-json\/wp\/v2\/posts"}],"about":[{"href":"https:\/\/www.fundacionmanantial.org\/en\/wp-json\/wp\/v2\/types\/post"}],"author":[{"embeddable":true,"href":"https:\/\/www.fundacionmanantial.org\/en\/wp-json\/wp\/v2\/users\/1"}],"replies":[{"embeddable":true,"href":"https:\/\/www.fundacionmanantial.org\/en\/wp-json\/wp\/v2\/comments?post=3507"}],"version-history":[{"count":0,"href":"https:\/\/www.fundacionmanantial.org\/en\/wp-json\/wp\/v2\/posts\/3507\/revisions"}],"wp:featuredmedia":[{"embeddable":true,"href":"https:\/\/www.fundacionmanantial.org\/en\/wp-json\/wp\/v2\/media\/3497"}],"wp:attachment":[{"href":"https:\/\/www.fundacionmanantial.org\/en\/wp-json\/wp\/v2\/media?parent=3507"}],"wp:term":[{"taxonomy":"category","embeddable":true,"href":"https:\/\/www.fundacionmanantial.org\/en\/wp-json\/wp\/v2\/categories?post=3507"},{"taxonomy":"post_tag","embeddable":true,"href":"https:\/\/www.fundacionmanantial.org\/en\/wp-json\/wp\/v2\/tags?post=3507"}],"curies":[{"name":"wp","href":"https:\/\/api.w.org\/{rel}","templated":true}]}}