{"id":3506,"date":"2021-12-21T19:39:54","date_gmt":"2021-12-21T18:39:54","guid":{"rendered":"https:\/\/www.fundacionmanantial.org\/la-conselleria-de-economia-sostenible-sectores-productivos-comercio-y-trabajo-apoya-la-creacion-de-empleo-en-manantial-vilamico\/"},"modified":"2021-12-21T19:39:54","modified_gmt":"2021-12-21T18:39:54","slug":"la-conselleria-de-economia-sostenible-sectores-productivos-comercio-y-trabajo-apoya-la-creacion-de-empleo-en-manantial-vilamico","status":"publish","type":"post","link":"https:\/\/www.fundacionmanantial.org\/en\/la-conselleria-de-economia-sostenible-sectores-productivos-comercio-y-trabajo-apoya-la-creacion-de-empleo-en-manantial-vilamico\/","title":{"rendered":"La Conselleria de Econom\u00eda Sostenible, Sectores Productivos, Comercio y Trabajo apoya la creaci\u00f3n de empleo en Manantial Vilamico"},"content":{"rendered":"<p>La <a href=\"https:\/\/cindi.gva.es\/es\" rel=\"noopener\" target=\"_blank\"><strong>Conselleria de Econom\u00eda Sostenible, Sectores Productivos, Comercio y Trabajo<\/strong><\/a> de la <strong>Generalitat Valenciana<\/strong> ha concedido al <a href=\"https:\/\/manantialvilamico.org\/\" rel=\"noopener\" target=\"_blank\"><strong>Centro Especial de Empleo Manantial Vilamico<\/strong><\/a> una subvenci\u00f3n con un importe de 156.000 euros, destinada al <strong>fomento de la incorporaci\u00f3n de personas desempleadas<\/strong>, con car\u00e1cter indefinido, como socias trabajadoras o socias de trabajo en cooperativas y sociedades laborales o de personas trabajadoras con contrato de trabajo de car\u00e1cter temporal en la misma cooperativa o sociedad laboral en la que se integran como socias.<\/p>\n<p>Esta subvenci\u00f3n -cofinanciada por el <a href=\"https:\/\/www.mites.gob.es\/\" rel=\"noopener\" target=\"_blank\"><strong>Ministerio de Trabajo, y Econom\u00eda Social<\/strong><\/a>&#8211; se destina al <strong>mantenimiento de los 15 puestos de trabajo creados en Manantial Vilamico<\/strong>, un proyecto pionero de econom\u00eda social de p<strong>roducci\u00f3n de champi\u00f1\u00f3n ubicado en Vila-real<\/strong> (Castell\u00f3n) en el que <strong>los trabajadores son, a su vez, socios y socias del proyecto.<\/strong><\/p>\n<p><strong>El empleo es una oportunidad de inclusi\u00f3n social<\/strong>, pero, en Espa\u00f1a, <strong>la tasa de paro de las personas con diversidad funcional por problemas de salud mental alcanza el 85%<\/strong>. Para los trabajadores y trabajadoras de Manantial Vilamico, el empleo es una forma de <strong>mejorar sus condiciones de vida y tambi\u00e9n de sentirse ciudadanos \u00fatiles a la sociedad<\/strong>, abandonando de este modo de manera efectiva el rol de \u2018enfermo mental\u2019, que tanto estigma social produce.<\/p>\n","protected":false},"excerpt":{"rendered":"<p>La Conselleria de Econom\u00eda Sostenible, Sectores Productivos, Comercio y Trabajo de la Generalitat Valenciana ha concedido al Centro Especial de Empleo Manantial Vilamico una subvenci\u00f3n con un importe de 156.000 euros, destinada al fomento de la incorporaci\u00f3n de personas desempleadas, con car\u00e1cter indefinido, como socias trabajadoras o socias de trabajo en cooperativas y sociedades laborales [&hellip;]<\/p>\n","protected":false},"author":1,"featured_media":0,"comment_status":"closed","ping_status":"closed","sticky":false,"template":"","format":"standard","meta":{"_acf_changed":false,"give_campaign_id":0,"_seopress_robots_primary_cat":"","_seopress_titles_title":"","_seopress_titles_desc":"","_seopress_robots_index":"","footnotes":""},"categories":[34],"tags":[206,148,184,56,60,149,61,64,65,152,66],"class_list":["post-3506","post","type-post","status-publish","format-standard","hentry","category-noticias-fundacion-manantial","tag-cee","tag-centro-especial-de-empleo","tag-champinon","tag-discapacidad","tag-empleo","tag-empleo-protegido","tag-inclusion","tag-recuperacion","tag-salud-mental","tag-trabajo","tag-vilamico"],"acf":[],"_links":{"self":[{"href":"https:\/\/www.fundacionmanantial.org\/en\/wp-json\/wp\/v2\/posts\/3506","targetHints":{"allow":["GET"]}}],"collection":[{"href":"https:\/\/www.fundacionmanantial.org\/en\/wp-json\/wp\/v2\/posts"}],"about":[{"href":"https:\/\/www.fundacionmanantial.org\/en\/wp-json\/wp\/v2\/types\/post"}],"author":[{"embeddable":true,"href":"https:\/\/www.fundacionmanantial.org\/en\/wp-json\/wp\/v2\/users\/1"}],"replies":[{"embeddable":true,"href":"https:\/\/www.fundacionmanantial.org\/en\/wp-json\/wp\/v2\/comments?post=3506"}],"version-history":[{"count":0,"href":"https:\/\/www.fundacionmanantial.org\/en\/wp-json\/wp\/v2\/posts\/3506\/revisions"}],"wp:attachment":[{"href":"https:\/\/www.fundacionmanantial.org\/en\/wp-json\/wp\/v2\/media?parent=3506"}],"wp:term":[{"taxonomy":"category","embeddable":true,"href":"https:\/\/www.fundacionmanantial.org\/en\/wp-json\/wp\/v2\/categories?post=3506"},{"taxonomy":"post_tag","embeddable":true,"href":"https:\/\/www.fundacionmanantial.org\/en\/wp-json\/wp\/v2\/tags?post=3506"}],"curies":[{"name":"wp","href":"https:\/\/api.w.org\/{rel}","templated":true}]}}