{"id":3504,"date":"2021-12-08T08:00:17","date_gmt":"2021-12-08T07:00:17","guid":{"rendered":"https:\/\/www.fundacionmanantial.org\/los-centros-de-atencion-social-fuenlabrada-reciben-el-reconocimiento-del-municipio\/"},"modified":"2021-12-08T08:00:17","modified_gmt":"2021-12-08T07:00:17","slug":"los-centros-de-atencion-social-fuenlabrada-reciben-el-reconocimiento-del-municipio","status":"publish","type":"post","link":"https:\/\/www.fundacionmanantial.org\/en\/los-centros-de-atencion-social-fuenlabrada-reciben-el-reconocimiento-del-municipio\/","title":{"rendered":"Los Centros de Atenci\u00f3n Social &#8220;Fuenlabrada&#8221; reciben el reconocimiento del municipio"},"content":{"rendered":"<p>Con motivo del <strong>D\u00eda internacional de la diversidad funcional<\/strong> que se celebra el 3 de diciembre, el d\u00eda 2 se celebr\u00f3 el <strong>XXVII Aniversario del \u201cPrograma Salta Conmigo\u201d<\/strong> en el Centro Cultural Tom\u00e1s y Valiente de Fuenlabrada. Este es un proyecto de ocio grupal para personas que presentan alguna discapacidad en el municipio de Fuenlabrada (actualmente 200 personas participan en este programa) y cuyo objetivo es desarrollar un <strong>ocio saludable<\/strong>.<\/p>\n<p>Con motivo de la celebraci\u00f3n del XXVII Aniversario, se realiz\u00f3 un <strong>acto de reconocimiento a las entidades que forman parte del Foro de la Diversidad Funcional de Fuenlabrada. <\/strong> De manos <a href=\"https:\/\/www.ayto-fuenlabrada.es\/\" rel=\"noopener\" target=\"_blank\">del alcalde, <strong>Javier Ayala<\/strong>, y de la concejala de Bienestar Social, <strong>Raquel L\u00f3pez Rodr\u00edguez<\/strong><\/a>, se entreg\u00f3 <strong>una placa conmemorativa a los Recursos de Atenci\u00f3n Social &#8220;Fuenlabrada&#8221; que gestiona Fundaci\u00f3n Manantial<\/strong>, que recogi\u00f3 Rosa, una usuaria del Centro de Rehabilitaci\u00f3n Psicosocial &#8220;Fuenlabrada&#8221; en nombre de todas las personas que forman parte de dichos recursos.<\/p>\n<p>Este evento es una apuesta del municipio por seguir dando visibilidad a las personas con diversidad funcional y conseguir que la sociedad sea m\u00e1s inclusiva.<\/p>\n","protected":false},"excerpt":{"rendered":"<p>Con motivo del D\u00eda internacional de la diversidad funcional que se celebra el 3 de diciembre, el d\u00eda 2 se celebr\u00f3 el XXVII Aniversario del \u201cPrograma Salta Conmigo\u201d en el Centro Cultural Tom\u00e1s y Valiente de Fuenlabrada. Este es un proyecto de ocio grupal para personas que presentan alguna discapacidad en el municipio de Fuenlabrada [&hellip;]<\/p>\n","protected":false},"author":1,"featured_media":3505,"comment_status":"closed","ping_status":"closed","sticky":false,"template":"","format":"standard","meta":{"_acf_changed":false,"give_campaign_id":0,"_seopress_robots_primary_cat":"","_seopress_titles_title":"","_seopress_titles_desc":"","_seopress_robots_index":"","footnotes":""},"categories":[34],"tags":[56,219,85,220,65],"class_list":["post-3504","post","type-post","status-publish","format-standard","has-post-thumbnail","hentry","category-noticias-fundacion-manantial","tag-discapacidad","tag-fuenlabrada","tag-fundacion-manantial","tag-reconocimiento","tag-salud-mental"],"acf":[],"_links":{"self":[{"href":"https:\/\/www.fundacionmanantial.org\/en\/wp-json\/wp\/v2\/posts\/3504","targetHints":{"allow":["GET"]}}],"collection":[{"href":"https:\/\/www.fundacionmanantial.org\/en\/wp-json\/wp\/v2\/posts"}],"about":[{"href":"https:\/\/www.fundacionmanantial.org\/en\/wp-json\/wp\/v2\/types\/post"}],"author":[{"embeddable":true,"href":"https:\/\/www.fundacionmanantial.org\/en\/wp-json\/wp\/v2\/users\/1"}],"replies":[{"embeddable":true,"href":"https:\/\/www.fundacionmanantial.org\/en\/wp-json\/wp\/v2\/comments?post=3504"}],"version-history":[{"count":0,"href":"https:\/\/www.fundacionmanantial.org\/en\/wp-json\/wp\/v2\/posts\/3504\/revisions"}],"wp:featuredmedia":[{"embeddable":true,"href":"https:\/\/www.fundacionmanantial.org\/en\/wp-json\/wp\/v2\/media\/3505"}],"wp:attachment":[{"href":"https:\/\/www.fundacionmanantial.org\/en\/wp-json\/wp\/v2\/media?parent=3504"}],"wp:term":[{"taxonomy":"category","embeddable":true,"href":"https:\/\/www.fundacionmanantial.org\/en\/wp-json\/wp\/v2\/categories?post=3504"},{"taxonomy":"post_tag","embeddable":true,"href":"https:\/\/www.fundacionmanantial.org\/en\/wp-json\/wp\/v2\/tags?post=3504"}],"curies":[{"name":"wp","href":"https:\/\/api.w.org\/{rel}","templated":true}]}}