{"id":3502,"date":"2021-12-17T05:59:20","date_gmt":"2021-12-17T04:59:20","guid":{"rendered":"https:\/\/www.fundacionmanantial.org\/por-un-2022-lleno-de-salud-mental\/"},"modified":"2021-12-17T05:59:20","modified_gmt":"2021-12-17T04:59:20","slug":"por-un-2022-lleno-de-salud-mental","status":"publish","type":"post","link":"https:\/\/www.fundacionmanantial.org\/en\/por-un-2022-lleno-de-salud-mental\/","title":{"rendered":"Por un 2022 lleno de salud mental"},"content":{"rendered":"<p><iframe width=\"560\" height=\"315\" src=\"https:\/\/www.youtube.com\/embed\/XHtdqPDFGQQ\" title=\"YouTube video player\" frameborder=\"0\" allow=\"accelerometer; autoplay; clipboard-write; encrypted-media; gyroscope; picture-in-picture\" allowfullscreen><\/iframe><br \/>\n&nbsp;<br \/>\n<strong>V\u00eddeo realizado por <a href=\"https:\/\/elastic-antonelli.5-250-189-237.plesk.page\/casa-verde\/\" rel=\"noopener\" target=\"_blank\">Casa Verde<\/a><\/strong><br \/>\nGanadores del X Concurso de felicitaciones de navidad de Fundaci\u00f3n Manantial.<br \/>\n&nbsp;<br \/>\n<strong>Casa Verde<\/strong> es el programa de <strong>prevenci\u00f3n, apoyo y seguimiento para hijos e hijas de personas con problemas de salud mental o inestabilidad emocional<\/strong> de Fundaci\u00f3n Manantial.<\/p>\n<p>Es un proyecto que apuesta por <strong>el derecho de las mujeres con problemas de salud mental a ejercer la maternidad con los apoyos profesionales necesarios<\/strong> y en el que el objetivo esencial es <strong>generar v\u00ednculos seguros<\/strong> entre las madres, padres y sus ni\u00f1os\/as en los primeros a\u00f1os de vida.<\/p>\n<p>Como lo describ\u00eda el diario <em>El Pa\u00eds<\/em> el pasado mes de septiembre: <a href=\"https:\/\/elastic-antonelli.5-250-189-237.plesk.page\/sala-de-prensa\/una-casa-para-ser-madre-en-libertad-casa-verde-en-el-pais\/\" rel=\"noopener\" target=\"_blank\"><strong>&#8220;Una casa para ser madre en libertad&#8221;<\/strong><\/a>.<br \/>\n&nbsp;<br \/>\nEl proyecto Casa Verde ha recibido este a\u00f1o el <a href=\"https:\/\/elastic-antonelli.5-250-189-237.plesk.page\/sala-de-prensa\/casa-verde-proyecto-ganador-de-los-premios-afectivo-efectivo-2021\/\" rel=\"noopener\" target=\"_blank\">Primer Premio del Foro Afectivo-Efectivo 2021<\/a>.<br \/>\n&nbsp;<br \/>\n<strong>\u00a1Feliz Navidad!<\/strong><br \/>\n&nbsp;<br \/>\n<a href=\"https:\/\/elastic-antonelli.5-250-189-237.plesk.page\/\/wp-content\/uploads\/2021\/12\/Candidaturas_Concurso_Navidad_2021.pdf\" rel=\"noopener\" target=\"_blank\">Ver todas las candidaturas al X Concurso de felicitaciones de navidad de Fundaci\u00f3n Manantial<\/a><br \/>\n&nbsp;<\/p>\n","protected":false},"excerpt":{"rendered":"<p>&nbsp; V\u00eddeo realizado por Casa Verde Ganadores del X Concurso de felicitaciones de navidad de Fundaci\u00f3n Manantial. &nbsp; Casa Verde es el programa de prevenci\u00f3n, apoyo y seguimiento para hijos e hijas de personas con problemas de salud mental o inestabilidad emocional de Fundaci\u00f3n Manantial. Es un proyecto que apuesta por el derecho de las [&hellip;]<\/p>\n","protected":false},"author":1,"featured_media":3503,"comment_status":"closed","ping_status":"closed","sticky":false,"template":"","format":"standard","meta":{"_acf_changed":false,"give_campaign_id":0,"_seopress_robots_primary_cat":"","_seopress_titles_title":"","_seopress_titles_desc":"","_seopress_robots_index":"","footnotes":""},"categories":[34],"tags":[216,217,85,218,65],"class_list":["post-3502","post","type-post","status-publish","format-standard","has-post-thumbnail","hentry","category-noticias-fundacion-manantial","tag-felices-fiestas","tag-feliz-2022","tag-fundacion-manantial","tag-navidad","tag-salud-mental"],"acf":[],"_links":{"self":[{"href":"https:\/\/www.fundacionmanantial.org\/en\/wp-json\/wp\/v2\/posts\/3502","targetHints":{"allow":["GET"]}}],"collection":[{"href":"https:\/\/www.fundacionmanantial.org\/en\/wp-json\/wp\/v2\/posts"}],"about":[{"href":"https:\/\/www.fundacionmanantial.org\/en\/wp-json\/wp\/v2\/types\/post"}],"author":[{"embeddable":true,"href":"https:\/\/www.fundacionmanantial.org\/en\/wp-json\/wp\/v2\/users\/1"}],"replies":[{"embeddable":true,"href":"https:\/\/www.fundacionmanantial.org\/en\/wp-json\/wp\/v2\/comments?post=3502"}],"version-history":[{"count":0,"href":"https:\/\/www.fundacionmanantial.org\/en\/wp-json\/wp\/v2\/posts\/3502\/revisions"}],"wp:featuredmedia":[{"embeddable":true,"href":"https:\/\/www.fundacionmanantial.org\/en\/wp-json\/wp\/v2\/media\/3503"}],"wp:attachment":[{"href":"https:\/\/www.fundacionmanantial.org\/en\/wp-json\/wp\/v2\/media?parent=3502"}],"wp:term":[{"taxonomy":"category","embeddable":true,"href":"https:\/\/www.fundacionmanantial.org\/en\/wp-json\/wp\/v2\/categories?post=3502"},{"taxonomy":"post_tag","embeddable":true,"href":"https:\/\/www.fundacionmanantial.org\/en\/wp-json\/wp\/v2\/tags?post=3502"}],"curies":[{"name":"wp","href":"https:\/\/api.w.org\/{rel}","templated":true}]}}