{"id":3500,"date":"2021-12-15T08:06:52","date_gmt":"2021-12-15T07:06:52","guid":{"rendered":"https:\/\/www.fundacionmanantial.org\/dejadme-las-alas-en-su-sitio-publicacion-de-javier-pallares-en-el-boletin-de-la-asociacion-madrilena-de-salud-mental\/"},"modified":"2021-12-15T08:06:52","modified_gmt":"2021-12-15T07:06:52","slug":"dejadme-las-alas-en-su-sitio-publicacion-de-javier-pallares-en-el-boletin-de-la-asociacion-madrilena-de-salud-mental","status":"publish","type":"post","link":"https:\/\/www.fundacionmanantial.org\/en\/dejadme-las-alas-en-su-sitio-publicacion-de-javier-pallares-en-el-boletin-de-la-asociacion-madrilena-de-salud-mental\/","title":{"rendered":"&#8220;Dejadme las alas en su sitio&#8221;, publicaci\u00f3n de Javier Pallar\u00e9s en el Bolet\u00edn de la Asociaci\u00f3n Madrile\u00f1a de Salud Mental"},"content":{"rendered":"<p>&#8220;Este es el gran dilema: encontrar el l\u00edmite, la l\u00ednea que marca el fin de una personalidad doliente, pero soberana y libre y el comienzo del grito desesperado de quien demanda ayuda urgente ante una situaci\u00f3n que no puede gestionar en soledad&#8221;.<\/p>\n<p>El Bolet\u00edn de la <a href=\"https:\/\/amsm.es\/2021\/12\/14\/boletin-completo-n48-invierno-2021\/\" rel=\"noopener\" target=\"_blank\">Asociaci\u00f3n Madrile\u00f1a de Salud Mental<\/a> de diciembre <strong>publica el art\u00edculo de Javier Pallar\u00e9s<\/strong>, director del Servicio de Apoyo a la Capacidad Jur\u00eddica y Servicio de \u00c1mbito Penitenciario de Fundaci\u00f3n Manantial, titulado &#8220;Dejadme las alas en su sitio&#8221;, <strong>sobre la Ley 8\/2021, de 2 de junio, por la que se reforma la legislaci\u00f3n civil y procesal para el apoyo a las personas con discapacidad en el ejercicio de su capacidad jur\u00eddica.<\/strong><\/p>\n<p><strong>&#8220;A las personas con problemas de salud mental, se las ha ingresado y medicado en contra de su voluntad o sin contar con ella.<\/strong> Los jueces les han prohibido conducir, casarse o hacer testamento. Los tutores han vendido sus bienes inmuebles, cancelado sus cuentas o aceptado la herencia en contra de su voluntad o sin contar con ella. Unos y otros, lo han hecho amparados por un constructo que cerraba el sistema: el principio de su mejor inter\u00e9s. <strong>El respeto a la voluntad de la persona con discapacidad ced\u00eda cuando estaban en juego otros valores constitucionalmente protegidos, como la vida o la salud. Ahora, la nueva ley insiste, una y otra vez, en el hecho de que el nuevo sistema de apoyo se sustenta en la dignidad de la persona con discapacidad y en la atenci\u00f3n a su voluntad, deseos y preferencias, que siempre se han de respetar&#8221;.<\/strong><\/p>\n<p>&nbsp;<br \/>\n<a href=\"https:\/\/amsmblog.files.wordpress.com\/2021\/12\/amsm-no-48.pdf\" rel=\"noopener\" target=\"_blank\"><strong>Leer el art\u00edculo completo<\/strong> (AMSM, n\u00ba48)<\/a><\/p>\n<p>&nbsp;<\/p>\n<p><strong>Noticias relacionadas<\/strong><\/p>\n<blockquote class=\"wp-embedded-content\" data-secret=\"klHtv3MyX1\"><p><a href=\"https:\/\/elastic-antonelli.5-250-189-237.plesk.page\/sala-de-prensa\/fundacion-manantial-pone-en-marcha-un-nuevo-servicio-de-apoyo\/\">Fundaci\u00f3n Manantial renueva su servicio de apoyo<\/a><\/p><\/blockquote>\n<p><iframe class=\"wp-embedded-content\" sandbox=\"allow-scripts\" security=\"restricted\" style=\"position: absolute; clip: rect(1px, 1px, 1px, 1px);\" title=\"\u00abFundaci\u00f3n Manantial renueva su servicio de apoyo\u00bb \u2014 Fundaci\u00f3n Manantial\" src=\"https:\/\/elastic-antonelli.5-250-189-237.plesk.page\/sala-de-prensa\/fundacion-manantial-pone-en-marcha-un-nuevo-servicio-de-apoyo\/embed\/#?secret=R5E5Mo0NsD#?secret=klHtv3MyX1\" data-secret=\"klHtv3MyX1\" width=\"500\" height=\"282\" frameborder=\"0\" marginwidth=\"0\" marginheight=\"0\" scrolling=\"no\"><\/iframe><\/p>\n","protected":false},"excerpt":{"rendered":"<p>&#8220;Este es el gran dilema: encontrar el l\u00edmite, la l\u00ednea que marca el fin de una personalidad doliente, pero soberana y libre y el comienzo del grito desesperado de quien demanda ayuda urgente ante una situaci\u00f3n que no puede gestionar en soledad&#8221;. El Bolet\u00edn de la Asociaci\u00f3n Madrile\u00f1a de Salud Mental de diciembre publica el [&hellip;]<\/p>\n","protected":false},"author":1,"featured_media":3501,"comment_status":"closed","ping_status":"closed","sticky":false,"template":"","format":"standard","meta":{"_acf_changed":false,"give_campaign_id":0,"_seopress_robots_primary_cat":"","_seopress_titles_title":"","_seopress_titles_desc":"","_seopress_robots_index":"","footnotes":""},"categories":[34],"tags":[210,211,212,207,85,213,214,215,65,176],"class_list":["post-3500","post","type-post","status-publish","format-standard","has-post-thumbnail","hentry","category-noticias-fundacion-manantial","tag-amsm","tag-articulo","tag-capacidad-juridica","tag-curatela","tag-fundacion-manantial","tag-ley","tag-pallares","tag-reflexion","tag-salud-mental","tag-tutela"],"acf":[],"_links":{"self":[{"href":"https:\/\/www.fundacionmanantial.org\/en\/wp-json\/wp\/v2\/posts\/3500","targetHints":{"allow":["GET"]}}],"collection":[{"href":"https:\/\/www.fundacionmanantial.org\/en\/wp-json\/wp\/v2\/posts"}],"about":[{"href":"https:\/\/www.fundacionmanantial.org\/en\/wp-json\/wp\/v2\/types\/post"}],"author":[{"embeddable":true,"href":"https:\/\/www.fundacionmanantial.org\/en\/wp-json\/wp\/v2\/users\/1"}],"replies":[{"embeddable":true,"href":"https:\/\/www.fundacionmanantial.org\/en\/wp-json\/wp\/v2\/comments?post=3500"}],"version-history":[{"count":0,"href":"https:\/\/www.fundacionmanantial.org\/en\/wp-json\/wp\/v2\/posts\/3500\/revisions"}],"wp:featuredmedia":[{"embeddable":true,"href":"https:\/\/www.fundacionmanantial.org\/en\/wp-json\/wp\/v2\/media\/3501"}],"wp:attachment":[{"href":"https:\/\/www.fundacionmanantial.org\/en\/wp-json\/wp\/v2\/media?parent=3500"}],"wp:term":[{"taxonomy":"category","embeddable":true,"href":"https:\/\/www.fundacionmanantial.org\/en\/wp-json\/wp\/v2\/categories?post=3500"},{"taxonomy":"post_tag","embeddable":true,"href":"https:\/\/www.fundacionmanantial.org\/en\/wp-json\/wp\/v2\/tags?post=3500"}],"curies":[{"name":"wp","href":"https:\/\/api.w.org\/{rel}","templated":true}]}}