{"id":3498,"date":"2021-12-02T13:20:55","date_gmt":"2021-12-02T12:20:55","guid":{"rendered":"https:\/\/www.fundacionmanantial.org\/jornada-diversidad-e-inclusion-salud-mental-retos-y-propuestas-de-futuro-en-el-pais-valenciano\/"},"modified":"2021-12-02T13:20:55","modified_gmt":"2021-12-02T12:20:55","slug":"jornada-diversidad-e-inclusion-salud-mental-retos-y-propuestas-de-futuro-en-el-pais-valenciano","status":"publish","type":"post","link":"https:\/\/www.fundacionmanantial.org\/en\/jornada-diversidad-e-inclusion-salud-mental-retos-y-propuestas-de-futuro-en-el-pais-valenciano\/","title":{"rendered":"Jornada &#8220;Diversidad e inclusi\u00f3n: salud mental, retos y propuestas de futuro en el Pa\u00eds Valenciano&#8221;"},"content":{"rendered":"<p>Hoy se ha celebrado la <strong>Jornada &#8220;Diversidad e inclusi\u00f3n: salud mental, retos y propuestas de futuro en el Pa\u00eds Valenciano&#8221;<\/strong>, organizada por la Intersindical Valenciana en el Paraninfo de la <a href=\"https:\/\/www.uji.es\/\" rel=\"noopener\" target=\"_blank\">Universitat Jaume I (UJI)<\/a> en Castell\u00f3n.<\/p>\n<p>El acto, en el que se ha debatido sobre los retos de la salud mental, ha contado con una mesa de di\u00e1logo titulada <strong>&#8220;Experiencias de empoderamiento en salud mental&#8221;<\/strong> en la que han participado <strong>Mar\u00eda Paulo<\/strong>, t\u00e9cnica de empleo, y <strong>Beatriz Mar\u00edn<\/strong>, profesional de limpieza del Centro Especial de Empleo &#8220;Manantial Integra&#8221;.<\/p>\n<p><strong>&#8220;Yo m\u00e1s que medicaci\u00f3n, yo necesitaba un trabajo<\/strong>. Fundaci\u00f3n Manantial me dio la oportunidad de trabajar. Estoy muy contenta. Hace dos a\u00f1os me subieron de categor\u00eda y ahora soy adjunta de limpieza&#8221;, ha contado Beatriz. &#8220;Considero que es necesario dar la <strong>oportunidad de tener un empleo y un proyecto de vida porque la ocupaci\u00f3n da un sentido para cualquier persona, con o sin diagn\u00f3stico<\/strong>. El tener un objetivo, una meta. Nos gustar\u00eda que las personas con las que trabajamos transiten de los Centros Especiales de Empleo a empresas ordinarias, aunque es cierto que muchas veces en las empresas ordinarias no se consigue tener apoyo cuando se tiene un problema de salud mental&#8221;, afirma Mar\u00eda Paulo.<\/p>\n<p>La Jornada ha contado con la presencia del <strong>Comisionado para la Salud Mental, drogodependencias y conductas adictivas de la Generalitat Valenciana, <a href=\"https:\/\/gvaoberta.gva.es\/es\/ficha-alto-cargo?articleId=168365406\" rel=\"noopener\" target=\"_blank\">Rafael Tabar\u00e9s<\/a><\/strong>; el <strong>secretario auton\u00f3mico de Igualdad y Diversidad de la Conselleria de Igualdad y Pol\u00edticas Inclusivas, <a href=\"https:\/\/gvaoberta.gva.es\/es\/ficha-alto-cargo?articleId=172128849\">Rub\u00e9n Sancho Mart\u00ednez<\/a><\/strong>, y profesionales de distintos sectores vinculados a la salud mental, asociaciones y personas usuarias de recursos. <\/p>\n<p><iframe title=\"&#039;Salut mental, reptes i propostes al Pai\u0301s Valencia\u0300&#039;\" width=\"500\" height=\"281\" src=\"https:\/\/www.youtube.com\/embed\/nHAr1Smncgc?feature=oembed\" frameborder=\"0\" allow=\"accelerometer; autoplay; clipboard-write; encrypted-media; gyroscope; picture-in-picture; web-share\" referrerpolicy=\"strict-origin-when-cross-origin\" allowfullscreen><\/iframe><\/p>\n","protected":false},"excerpt":{"rendered":"<p>Hoy se ha celebrado la Jornada &#8220;Diversidad e inclusi\u00f3n: salud mental, retos y propuestas de futuro en el Pa\u00eds Valenciano&#8221;, organizada por la Intersindical Valenciana en el Paraninfo de la Universitat Jaume I (UJI) en Castell\u00f3n. El acto, en el que se ha debatido sobre los retos de la salud mental, ha contado con una [&hellip;]<\/p>\n","protected":false},"author":1,"featured_media":3499,"comment_status":"closed","ping_status":"closed","sticky":false,"template":"","format":"standard","meta":{"_acf_changed":false,"give_campaign_id":0,"_seopress_robots_primary_cat":"","_seopress_titles_title":"","_seopress_titles_desc":"","_seopress_robots_index":"","footnotes":""},"categories":[34],"tags":[],"class_list":["post-3498","post","type-post","status-publish","format-standard","has-post-thumbnail","hentry","category-noticias-fundacion-manantial"],"acf":[],"_links":{"self":[{"href":"https:\/\/www.fundacionmanantial.org\/en\/wp-json\/wp\/v2\/posts\/3498","targetHints":{"allow":["GET"]}}],"collection":[{"href":"https:\/\/www.fundacionmanantial.org\/en\/wp-json\/wp\/v2\/posts"}],"about":[{"href":"https:\/\/www.fundacionmanantial.org\/en\/wp-json\/wp\/v2\/types\/post"}],"author":[{"embeddable":true,"href":"https:\/\/www.fundacionmanantial.org\/en\/wp-json\/wp\/v2\/users\/1"}],"replies":[{"embeddable":true,"href":"https:\/\/www.fundacionmanantial.org\/en\/wp-json\/wp\/v2\/comments?post=3498"}],"version-history":[{"count":0,"href":"https:\/\/www.fundacionmanantial.org\/en\/wp-json\/wp\/v2\/posts\/3498\/revisions"}],"wp:featuredmedia":[{"embeddable":true,"href":"https:\/\/www.fundacionmanantial.org\/en\/wp-json\/wp\/v2\/media\/3499"}],"wp:attachment":[{"href":"https:\/\/www.fundacionmanantial.org\/en\/wp-json\/wp\/v2\/media?parent=3498"}],"wp:term":[{"taxonomy":"category","embeddable":true,"href":"https:\/\/www.fundacionmanantial.org\/en\/wp-json\/wp\/v2\/categories?post=3498"},{"taxonomy":"post_tag","embeddable":true,"href":"https:\/\/www.fundacionmanantial.org\/en\/wp-json\/wp\/v2\/tags?post=3498"}],"curies":[{"name":"wp","href":"https:\/\/api.w.org\/{rel}","templated":true}]}}