{"id":3496,"date":"2021-11-30T09:00:21","date_gmt":"2021-11-30T08:00:21","guid":{"rendered":"https:\/\/www.fundacionmanantial.org\/x-carrera-por-la-salud-mental-de-fundacion-manantial\/"},"modified":"2021-11-30T09:00:21","modified_gmt":"2021-11-30T08:00:21","slug":"x-carrera-por-la-salud-mental-de-fundacion-manantial","status":"publish","type":"post","link":"https:\/\/www.fundacionmanantial.org\/en\/x-carrera-por-la-salud-mental-de-fundacion-manantial\/","title":{"rendered":"X Carrera por la Salud Mental de Fundaci\u00f3n Manantial"},"content":{"rendered":"<p>El pr\u00f3ximo <strong>6 de febrero de 2022<\/strong>\u00a0vuelve la <strong>X Carrera Solidaria por la Salud Mental<\/strong>, con un <strong>trazado espectacular en pleno coraz\u00f3n de Madrid<\/strong> y con distancias para todas las edades y niveles: <strong>10Km, 5Km y una marcha familiar de 2Km<\/strong> para que todos podamos disfrutar corriendo por la salud mental.<\/p>\n<p>El objetivo de la carrera es mostrar que <strong>la salud mental es algo de todos<\/strong> y sensibilizar a la poblaci\u00f3n a trav\u00e9s de un evento inclusivo inclusivo de ocio y cuidado de la salud f\u00edsica y mental.<\/p>\n<p><strong>Hasta el 10 de diciembre podr\u00e1s disfrutar de un descuento en tus inscripciones.<\/strong> \u00a1Aprovecha la promoci\u00f3n!<\/p>\n<p><strong>Mueve las piernas, mueve el coraz\u00f3n y ven a correr con nosotros porque \u00abLa salud mental es cosa de todos y todas\u00bb.<\/strong><\/p>\n<p>Inscripciones en <a href=\"http:\/\/www.carrerasaludmental.com\/inscripciones\" rel=\"noopener\" target=\"_blank\">www.carrerasaludmental.com<\/a><\/p>\n<p>* Oferta disponible hasta las 23:59 horas del d\u00eda 10 de diciembre de 2021.<\/p>\n<p>Sigue la carrera en <a href=\"https:\/\/www.facebook.com\/FundacionManantial\/\" rel=\"noopener\" target=\"_blank\">Facebook<\/a>, <a href=\"https:\/\/www.instagram.com\/fundacionmanantial\" rel=\"noopener\" target=\"_blank\">Instagram<\/a> y <a href=\"https:\/\/twitter.com\/FundManantial\" rel=\"noopener\" target=\"_blank\">Twitter<\/a> con el hashtag #CarreraSaludMental.<\/p>\n","protected":false},"excerpt":{"rendered":"<p>El pr\u00f3ximo 6 de febrero de 2022\u00a0vuelve la X Carrera Solidaria por la Salud Mental, con un trazado espectacular en pleno coraz\u00f3n de Madrid y con distancias para todas las edades y niveles: 10Km, 5Km y una marcha familiar de 2Km para que todos podamos disfrutar corriendo por la salud mental. El objetivo de la [&hellip;]<\/p>\n","protected":false},"author":1,"featured_media":3497,"comment_status":"closed","ping_status":"closed","sticky":false,"template":"","format":"standard","meta":{"_acf_changed":false,"give_campaign_id":0,"_seopress_robots_primary_cat":"","_seopress_titles_title":"","_seopress_titles_desc":"","_seopress_robots_index":"","footnotes":""},"categories":[34],"tags":[209,60,64,180,111],"class_list":["post-3496","post","type-post","status-publish","format-standard","has-post-thumbnail","hentry","category-noticias-fundacion-manantial","tag-carrera","tag-empleo","tag-recuperacion","tag-saludmental","tag-sensibilizacion"],"acf":[],"_links":{"self":[{"href":"https:\/\/www.fundacionmanantial.org\/en\/wp-json\/wp\/v2\/posts\/3496","targetHints":{"allow":["GET"]}}],"collection":[{"href":"https:\/\/www.fundacionmanantial.org\/en\/wp-json\/wp\/v2\/posts"}],"about":[{"href":"https:\/\/www.fundacionmanantial.org\/en\/wp-json\/wp\/v2\/types\/post"}],"author":[{"embeddable":true,"href":"https:\/\/www.fundacionmanantial.org\/en\/wp-json\/wp\/v2\/users\/1"}],"replies":[{"embeddable":true,"href":"https:\/\/www.fundacionmanantial.org\/en\/wp-json\/wp\/v2\/comments?post=3496"}],"version-history":[{"count":0,"href":"https:\/\/www.fundacionmanantial.org\/en\/wp-json\/wp\/v2\/posts\/3496\/revisions"}],"wp:featuredmedia":[{"embeddable":true,"href":"https:\/\/www.fundacionmanantial.org\/en\/wp-json\/wp\/v2\/media\/3497"}],"wp:attachment":[{"href":"https:\/\/www.fundacionmanantial.org\/en\/wp-json\/wp\/v2\/media?parent=3496"}],"wp:term":[{"taxonomy":"category","embeddable":true,"href":"https:\/\/www.fundacionmanantial.org\/en\/wp-json\/wp\/v2\/categories?post=3496"},{"taxonomy":"post_tag","embeddable":true,"href":"https:\/\/www.fundacionmanantial.org\/en\/wp-json\/wp\/v2\/tags?post=3496"}],"curies":[{"name":"wp","href":"https:\/\/api.w.org\/{rel}","templated":true}]}}